{"id":102975,"date":"2024-06-04T15:37:46","date_gmt":"2024-06-04T15:37:46","guid":{"rendered":"https:\/\/diadem.com\/2024\/06\/04\/a-zoldtetok-koncepcioja-a-termeszet-apolasa-az-urbanizacio-kozepette\/"},"modified":"2024-06-26T18:51:52","modified_gmt":"2024-06-26T18:51:52","slug":"a-zoldtetok-koncepcioja-a-termeszet-apolasa-az-urbanizacio-kozepette","status":"publish","type":"post","link":"https:\/\/diadem.com\/hu\/a-zoldtetok-koncepcioja-a-termeszet-apolasa-az-urbanizacio-kozepette\/","title":{"rendered":"A z\u00f6ldtet\u0151k koncepci\u00f3ja: A term\u00e9szet \u00e1pol\u00e1sa az urbaniz\u00e1ci\u00f3 k\u00f6zepette"},"content":{"rendered":"\t\t<div data-elementor-type=\"wp-post\" data-elementor-id=\"102975\" class=\"elementor elementor-102975 elementor-102440\" data-elementor-post-type=\"post\">\n\t\t\t\t<div class=\"elementor-element elementor-element-bcc69b5 e-flex e-con-boxed e-con e-parent\" data-id=\"bcc69b5\" data-element_type=\"container\" data-e-type=\"container\">\n\t\t\t\t\t<div class=\"e-con-inner\">\n\t\t\t\t<div class=\"elementor-element elementor-element-86c738c elementor-widget elementor-widget-video\" data-id=\"86c738c\" data-element_type=\"widget\" data-e-type=\"widget\" data-settings=\"{&quot;youtube_url&quot;:&quot;https:\\\/\\\/www.youtube.com\\\/watch?v=fWXTNgpB7Kc&quot;,&quot;video_type&quot;:&quot;youtube&quot;,&quot;controls&quot;:&quot;yes&quot;}\" data-widget_type=\"video.default\">\n\t\t\t\t<div class=\"elementor-widget-container\">\n\t\t\t\t\t\t\t<div class=\"elementor-wrapper elementor-open-inline\">\n\t\t\t<div class=\"elementor-video\"><\/div>\t\t<\/div>\n\t\t\t\t\t\t<\/div>\n\t\t\t\t<\/div>\n\t\t\t\t\t<\/div>\n\t\t\t\t<\/div>\n\t\t\t\t<section class=\"elementor-section elementor-top-section elementor-element elementor-element-b5858ed elementor-reverse-mobile elementor-section-boxed elementor-section-height-default elementor-section-height-default\" data-id=\"b5858ed\" data-element_type=\"section\" data-e-type=\"section\">\n\t\t\t\t\t\t<div class=\"elementor-container elementor-column-gap-wider\">\n\t\t\t\t\t<div class=\"elementor-column elementor-col-100 elementor-top-column elementor-element elementor-element-129e8772\" data-id=\"129e8772\" data-element_type=\"column\" data-e-type=\"column\">\n\t\t\t<div class=\"elementor-widget-wrap elementor-element-populated\">\n\t\t\t\t\t\t<div class=\"elementor-element elementor-element-2a29e56c elementor-widget elementor-widget-heading\" data-id=\"2a29e56c\" data-element_type=\"widget\" data-e-type=\"widget\" data-widget_type=\"heading.default\">\n\t\t\t\t<div class=\"elementor-widget-container\">\n\t\t\t\t\t<h3 class=\"elementor-heading-title elementor-size-default\">A z\u00f6ldtet\u0151k koncepci\u00f3ja: A term\u00e9szet \u00e1pol\u00e1sa az urbaniz\u00e1ci\u00f3 k\u00f6zepette<\/h3>\t\t\t\t<\/div>\n\t\t\t\t<\/div>\n\t\t\t\t<div class=\"elementor-element elementor-element-7656e9c5 elementor-widget elementor-widget-spacer\" data-id=\"7656e9c5\" data-element_type=\"widget\" data-e-type=\"widget\" data-widget_type=\"spacer.default\">\n\t\t\t\t<div class=\"elementor-widget-container\">\n\t\t\t\t\t\t\t<div class=\"elementor-spacer\">\n\t\t\t<div class=\"elementor-spacer-inner\"><\/div>\n\t\t<\/div>\n\t\t\t\t\t\t<\/div>\n\t\t\t\t<\/div>\n\t\t\t\t<div class=\"elementor-element elementor-element-2c5f0ce elementor-widget elementor-widget-text-editor\" data-id=\"2c5f0ce\" data-element_type=\"widget\" data-e-type=\"widget\" data-widget_type=\"text-editor.default\">\n\t\t\t\t<div class=\"elementor-widget-container\">\n\t\t\t\t\t\t\t\t\t<p>Nemr\u00e9g csapatunkat abban a megtiszteltet\u00e9sben r\u00e9szes\u00edtette, hogy szerepelhetett az RTL-en egy olyan programban, amelynek c\u00e9lja a fenntarthat\u00f3 \u00e9letm\u00f3d innovat\u00edv megold\u00e1sainak felt\u00e1r\u00e1sa. <\/p>\n<p>Fenntarthat\u00f3 \u00e9p\u00edt\u00e9szet \u00e9s tet\u0151fed\u00e9si megold\u00e1sok szak\u00e9rt\u0151ivel k\u00e9sz\u00edtett interj\u00fank sor\u00e1n a z\u00f6ldtet\u0151k \u00e1talak\u00edt\u00f3 potenci\u00e1lj\u00e1t \u00e9s a fenntarthat\u00f3bb j\u00f6v\u0151 kialak\u00edt\u00e1s\u00e1ban bet\u00f6lt\u00f6tt sarkalatos szerep\u00e9t elm\u00e9ly\u00edtett\u00fck..<\/p>\n<\/p>\n<p><b>A z\u00f6ldtet\u0151k meg\u00e9rt\u00e9se<\/b><\/p>\n<p>A z\u00f6ldtet\u0151k p\u00e1rhuzamosak a v\u00e1rosi terjeszked\u00e9s k\u00f6zepette visszanyert term\u00e9szetes kiterjeszt\u00e9sekkel, el\u0151seg\u00edtve az \u00e9p\u00edt\u00e9szet \u00e9s a term\u00e9szet harmonikus egy\u00fctt\u00e9l\u00e9s\u00e9t. Buja szent\u00e9lyekk\u00e9nt szolg\u00e1lnak, amelyek t\u00e1pl\u00e1lj\u00e1k a lelket \u00e9s el\u0151seg\u00edtik a k\u00f6rnyezettel val\u00f3 egys\u00e9g \u00e9rz\u00e9s\u00e9t. <\/p>\n<\/p>\n<p><b>\u00datt\u00f6r\u0151 fenntarthat\u00f3 megold\u00e1sok<\/b><\/p>\n<p>El\u0151retekintve a tet\u0151fed\u0151 megold\u00e1sok j\u00f6v\u0151je t\u00falmutat a puszta n\u00f6v\u00e9nyzeten, \u00e9s a fenntarthat\u00f3 \u00e9letm\u00f3d holisztikus megk\u00f6zel\u00edt\u00e9s\u00e9t testes\u00edti meg. A meg\u00fajul\u00f3 energi\u00e1t hasznos\u00edt\u00f3 napelemekt\u0151l a v\u00edzgazd\u00e1lkod\u00e1si c\u00e9lra szolg\u00e1l\u00f3 k\u00e9k tet\u0151k megjelen\u00e9s\u00e9ig az innov\u00e1ci\u00f3 nem ismer hat\u00e1rokat a tudatos tet\u0151k birodalm\u00e1ban. <\/p>\n<\/p>\n<p>A k\u00e9zzelfoghat\u00f3 el\u0151ny\u00f6k\u00f6n t\u00fal a z\u00f6ldtet\u0151k m\u00e9lyrehat\u00f3 hat\u00e1ssal vannak az emberi j\u00f3l\u00e9tre, t\u00e1pl\u00e1lva a term\u00e9szettel val\u00f3 kapcsolat \u00e9rz\u00e9s\u00e9t, ami elengedhetetlen a fenntarthat\u00f3s\u00e1ghoz \u00e9s a holisztikus \u00e9letvitelhez.<\/p>\n<\/p>\n<p><b>A k\u00f6rnyezettudatoss\u00e1g fejleszt\u00e9se a j\u00f6v\u0151 gener\u00e1ci\u00f3i sz\u00e1m\u00e1ra<\/b><\/p>\n<p>A n\u00f6vekv\u0151 k\u00f6rnyezettudatoss\u00e1g korszak\u00e1ban a k\u00f6rnyezetv\u00e9delem oktat\u00e1sa \u00e9s elsaj\u00e1t\u00edt\u00e1sa m\u00e1r fiatal korban kiemelten fontos. A k\u00f6rnyezettudatos \u00e9rt\u00e9kek integr\u00e1l\u00e1sa a gyermekirodalomba \u00e9s a m\u00e9di\u00e1ba kulcsfontoss\u00e1g\u00fa a k\u00f6rnyezeti felel\u0151ss\u00e9gv\u00e1llal\u00e1s kult\u00far\u00e1j\u00e1nak el\u0151mozd\u00edt\u00e1sa szempontj\u00e1b\u00f3l. <\/p>\n<\/p>\n<p><b>Szinergia a fenntarthat\u00f3 megold\u00e1sokban<\/b><\/p>\n<p>A z\u00f6ldtet\u0151k \u00e9s a napelemek szinergikusan kieg\u00e9sz\u00edtik egym\u00e1st, n\u00f6velve a meg\u00fajul\u00f3 energiatermel\u00e9s hat\u00e9konys\u00e1g\u00e1t. A k\u00e9k tet\u0151k megjelen\u00e9se tov\u00e1bb er\u0151s\u00edti a fenntarthat\u00f3 v\u00edzgazd\u00e1lkod\u00e1si megold\u00e1sokat, innovat\u00edv megk\u00f6zel\u00edt\u00e9seket k\u00edn\u00e1lva a v\u00edzt\u00e1rol\u00e1shoz \u00e9s az elfoly\u00e1s m\u00e9rs\u00e9kl\u00e9s\u00e9hez. <\/p>\n<\/p>\n<p>\u00d6sszefoglalva, a z\u00f6ldtet\u0151k a term\u00e9szet \u00e9s az innov\u00e1ci\u00f3 konvergenci\u00e1j\u00e1t testes\u00edtik meg, \u00e1talak\u00edt\u00f3 megold\u00e1sokat k\u00edn\u00e1lva a fenntarthat\u00f3 \u00e9letm\u00f3dhoz. Mik\u00f6zben folytatjuk a tudatos tet\u0151k lehet\u0151s\u00e9geinek felt\u00e1r\u00e1s\u00e1t, utat nyitunk egy olyan j\u00f6v\u0151 fel\u00e9, ahol a fenntarthat\u00f3s\u00e1g nem csup\u00e1n v\u00e1laszt\u00e1s, hanem \u00e9letforma is. <\/p>\n<p><b>Z\u00f6ld\u00edtsd ki a h\u00e1ztet\u0151ket, a v\u00e1rosokat, a vil\u00e1got!<\/b><\/p>\n\t\t\t\t\t\t\t\t<\/div>\n\t\t\t\t<\/div>\n\t\t\t\t\t<\/div>\n\t\t<\/div>\n\t\t\t\t\t<\/div>\n\t\t<\/section>\n\t\t\t\t<\/div>\n\t\t","protected":false},"excerpt":{"rendered":"<p>Nemr\u00e9g csapatunkat abban a megtiszteltet\u00e9sben r\u00e9szes\u00edtette, hogy szerepelhetett az RTL-en egy olyan programban, amelynek c\u00e9lja a fenntarthat\u00f3 \u00e9letm\u00f3d innovat\u00edv megold\u00e1sainak felt\u00e1r\u00e1sa. <\/p>\n","protected":false},"author":1,"featured_media":102443,"comment_status":"open","ping_status":"open","sticky":false,"template":"","format":"standard","meta":{"_acf_changed":false,"footnotes":""},"categories":[394],"tags":[],"class_list":["post-102975","post","type-post","status-publish","format-standard","has-post-thumbnail","hentry","category-diadem-hu"],"acf":[],"yoast_head":"<!-- This site is optimized with the Yoast SEO Premium plugin v27.3 (Yoast SEO v27.3) - https:\/\/yoast.com\/product\/yoast-seo-premium-wordpress\/ -->\n<title>A z\u00f6ldtet\u0151k koncepci\u00f3ja: A term\u00e9szet \u00e1pol\u00e1sa az urbaniz\u00e1ci\u00f3 k\u00f6zepette - Diadem<\/title>\n<meta name=\"robots\" content=\"index, follow, max-snippet:-1, max-image-preview:large, max-video-preview:-1\" \/>\n<link rel=\"canonical\" href=\"https:\/\/diadem.com\/hu\/a-zoldtetok-koncepcioja-a-termeszet-apolasa-az-urbanizacio-kozepette\/\" \/>\n<meta property=\"og:locale\" content=\"hu_HU\" \/>\n<meta property=\"og:type\" content=\"article\" \/>\n<meta property=\"og:title\" content=\"A z\u00f6ldtet\u0151k koncepci\u00f3ja: A term\u00e9szet \u00e1pol\u00e1sa az urbaniz\u00e1ci\u00f3 k\u00f6zepette\" \/>\n<meta property=\"og:description\" content=\"Nemr\u00e9g csapatunkat abban a megtiszteltet\u00e9sben r\u00e9szes\u00edtette, hogy szerepelhetett az RTL-en egy olyan programban, amelynek c\u00e9lja a fenntarthat\u00f3 \u00e9letm\u00f3d innovat\u00edv megold\u00e1sainak felt\u00e1r\u00e1sa.\" \/>\n<meta property=\"og:url\" content=\"https:\/\/diadem.com\/hu\/a-zoldtetok-koncepcioja-a-termeszet-apolasa-az-urbanizacio-kozepette\/\" \/>\n<meta property=\"og:site_name\" content=\"Diadem\" \/>\n<meta property=\"article:publisher\" content=\"https:\/\/www.facebook.com\/diadem.greenroof\" \/>\n<meta property=\"article:published_time\" content=\"2024-06-04T15:37:46+00:00\" \/>\n<meta property=\"article:modified_time\" content=\"2024-06-26T18:51:52+00:00\" \/>\n<meta property=\"og:image\" content=\"https:\/\/diadem.com\/wp-content\/uploads\/2024\/06\/Peter-interview-Diadem-e1717515455221.jpg\" \/>\n\t<meta property=\"og:image:width\" content=\"2365\" \/>\n\t<meta property=\"og:image:height\" content=\"1199\" \/>\n\t<meta property=\"og:image:type\" content=\"image\/jpeg\" \/>\n<meta name=\"author\" content=\"diadem\" \/>\n<meta name=\"twitter:card\" content=\"summary_large_image\" \/>\n<meta name=\"twitter:label1\" content=\"Szerz\u0151:\" \/>\n\t<meta name=\"twitter:data1\" content=\"diadem\" \/>\n\t<meta name=\"twitter:label2\" content=\"Becs\u00fclt olvas\u00e1si id\u0151\" \/>\n\t<meta name=\"twitter:data2\" content=\"3 perc\" \/>\n<script type=\"application\/ld+json\" class=\"yoast-schema-graph\">{\"@context\":\"https:\\\/\\\/schema.org\",\"@graph\":[{\"@type\":\"Article\",\"@id\":\"https:\\\/\\\/diadem.com\\\/hu\\\/a-zoldtetok-koncepcioja-a-termeszet-apolasa-az-urbanizacio-kozepette\\\/#article\",\"isPartOf\":{\"@id\":\"https:\\\/\\\/diadem.com\\\/hu\\\/a-zoldtetok-koncepcioja-a-termeszet-apolasa-az-urbanizacio-kozepette\\\/\"},\"author\":{\"name\":\"diadem\",\"@id\":\"https:\\\/\\\/diadem.com\\\/hu\\\/#\\\/schema\\\/person\\\/5e99a76faf393229149cdbfcad4d4720\"},\"headline\":\"A z\u00f6ldtet\u0151k koncepci\u00f3ja: A term\u00e9szet \u00e1pol\u00e1sa az urbaniz\u00e1ci\u00f3 k\u00f6zepette\",\"datePublished\":\"2024-06-04T15:37:46+00:00\",\"dateModified\":\"2024-06-26T18:51:52+00:00\",\"mainEntityOfPage\":{\"@id\":\"https:\\\/\\\/diadem.com\\\/hu\\\/a-zoldtetok-koncepcioja-a-termeszet-apolasa-az-urbanizacio-kozepette\\\/\"},\"wordCount\":532,\"commentCount\":0,\"publisher\":{\"@id\":\"https:\\\/\\\/diadem.com\\\/hu\\\/#organization\"},\"image\":{\"@id\":\"https:\\\/\\\/diadem.com\\\/hu\\\/a-zoldtetok-koncepcioja-a-termeszet-apolasa-az-urbanizacio-kozepette\\\/#primaryimage\"},\"thumbnailUrl\":\"https:\\\/\\\/diadem.com\\\/wp-content\\\/uploads\\\/2024\\\/06\\\/Peter-interview-Diadem-e1717515455221.jpg\",\"articleSection\":[\"Diadem\"],\"inLanguage\":\"hu\",\"potentialAction\":[{\"@type\":\"CommentAction\",\"name\":\"Comment\",\"target\":[\"https:\\\/\\\/diadem.com\\\/hu\\\/a-zoldtetok-koncepcioja-a-termeszet-apolasa-az-urbanizacio-kozepette\\\/#respond\"]}]},{\"@type\":\"WebPage\",\"@id\":\"https:\\\/\\\/diadem.com\\\/hu\\\/a-zoldtetok-koncepcioja-a-termeszet-apolasa-az-urbanizacio-kozepette\\\/\",\"url\":\"https:\\\/\\\/diadem.com\\\/hu\\\/a-zoldtetok-koncepcioja-a-termeszet-apolasa-az-urbanizacio-kozepette\\\/\",\"name\":\"A z\u00f6ldtet\u0151k koncepci\u00f3ja: A term\u00e9szet \u00e1pol\u00e1sa az urbaniz\u00e1ci\u00f3 k\u00f6zepette - Diadem\",\"isPartOf\":{\"@id\":\"https:\\\/\\\/diadem.com\\\/hu\\\/#website\"},\"primaryImageOfPage\":{\"@id\":\"https:\\\/\\\/diadem.com\\\/hu\\\/a-zoldtetok-koncepcioja-a-termeszet-apolasa-az-urbanizacio-kozepette\\\/#primaryimage\"},\"image\":{\"@id\":\"https:\\\/\\\/diadem.com\\\/hu\\\/a-zoldtetok-koncepcioja-a-termeszet-apolasa-az-urbanizacio-kozepette\\\/#primaryimage\"},\"thumbnailUrl\":\"https:\\\/\\\/diadem.com\\\/wp-content\\\/uploads\\\/2024\\\/06\\\/Peter-interview-Diadem-e1717515455221.jpg\",\"datePublished\":\"2024-06-04T15:37:46+00:00\",\"dateModified\":\"2024-06-26T18:51:52+00:00\",\"breadcrumb\":{\"@id\":\"https:\\\/\\\/diadem.com\\\/hu\\\/a-zoldtetok-koncepcioja-a-termeszet-apolasa-az-urbanizacio-kozepette\\\/#breadcrumb\"},\"inLanguage\":\"hu\",\"potentialAction\":[{\"@type\":\"ReadAction\",\"target\":[\"https:\\\/\\\/diadem.com\\\/hu\\\/a-zoldtetok-koncepcioja-a-termeszet-apolasa-az-urbanizacio-kozepette\\\/\"]}]},{\"@type\":\"ImageObject\",\"inLanguage\":\"hu\",\"@id\":\"https:\\\/\\\/diadem.com\\\/hu\\\/a-zoldtetok-koncepcioja-a-termeszet-apolasa-az-urbanizacio-kozepette\\\/#primaryimage\",\"url\":\"https:\\\/\\\/diadem.com\\\/wp-content\\\/uploads\\\/2024\\\/06\\\/Peter-interview-Diadem-e1717515455221.jpg\",\"contentUrl\":\"https:\\\/\\\/diadem.com\\\/wp-content\\\/uploads\\\/2024\\\/06\\\/Peter-interview-Diadem-e1717515455221.jpg\",\"width\":2365,\"height\":1199},{\"@type\":\"BreadcrumbList\",\"@id\":\"https:\\\/\\\/diadem.com\\\/hu\\\/a-zoldtetok-koncepcioja-a-termeszet-apolasa-az-urbanizacio-kozepette\\\/#breadcrumb\",\"itemListElement\":[{\"@type\":\"ListItem\",\"position\":1,\"name\":\"Home\",\"item\":\"https:\\\/\\\/diadem.com\\\/hu\\\/\"},{\"@type\":\"ListItem\",\"position\":2,\"name\":\"A z\u00f6ldtet\u0151k koncepci\u00f3ja: A term\u00e9szet \u00e1pol\u00e1sa az urbaniz\u00e1ci\u00f3 k\u00f6zepette\"}]},{\"@type\":\"WebSite\",\"@id\":\"https:\\\/\\\/diadem.com\\\/hu\\\/#website\",\"url\":\"https:\\\/\\\/diadem.com\\\/hu\\\/\",\"name\":\"Diadem\",\"description\":\"Green Up The Roof!\",\"publisher\":{\"@id\":\"https:\\\/\\\/diadem.com\\\/hu\\\/#organization\"},\"potentialAction\":[{\"@type\":\"SearchAction\",\"target\":{\"@type\":\"EntryPoint\",\"urlTemplate\":\"https:\\\/\\\/diadem.com\\\/hu\\\/?s={search_term_string}\"},\"query-input\":{\"@type\":\"PropertyValueSpecification\",\"valueRequired\":true,\"valueName\":\"search_term_string\"}}],\"inLanguage\":\"hu\"},{\"@type\":\"Organization\",\"@id\":\"https:\\\/\\\/diadem.com\\\/hu\\\/#organization\",\"name\":\"Diadem\",\"url\":\"https:\\\/\\\/diadem.com\\\/hu\\\/\",\"logo\":{\"@type\":\"ImageObject\",\"inLanguage\":\"hu\",\"@id\":\"https:\\\/\\\/diadem.com\\\/hu\\\/#\\\/schema\\\/logo\\\/image\\\/\",\"url\":\"https:\\\/\\\/diadem.com\\\/wp-content\\\/uploads\\\/2020\\\/11\\\/2.png\",\"contentUrl\":\"https:\\\/\\\/diadem.com\\\/wp-content\\\/uploads\\\/2020\\\/11\\\/2.png\",\"width\":1920,\"height\":1080,\"caption\":\"Diadem\"},\"image\":{\"@id\":\"https:\\\/\\\/diadem.com\\\/hu\\\/#\\\/schema\\\/logo\\\/image\\\/\"},\"sameAs\":[\"https:\\\/\\\/www.facebook.com\\\/diadem.greenroof\"]},{\"@type\":\"Person\",\"@id\":\"https:\\\/\\\/diadem.com\\\/hu\\\/#\\\/schema\\\/person\\\/5e99a76faf393229149cdbfcad4d4720\",\"name\":\"diadem\",\"image\":{\"@type\":\"ImageObject\",\"inLanguage\":\"hu\",\"@id\":\"https:\\\/\\\/secure.gravatar.com\\\/avatar\\\/8a1a94944e0cc6a0cca09428471ef768ffc322cc0dbed69bfee50c4ea01f5ac6?s=96&d=mm&r=g\",\"url\":\"https:\\\/\\\/secure.gravatar.com\\\/avatar\\\/8a1a94944e0cc6a0cca09428471ef768ffc322cc0dbed69bfee50c4ea01f5ac6?s=96&d=mm&r=g\",\"contentUrl\":\"https:\\\/\\\/secure.gravatar.com\\\/avatar\\\/8a1a94944e0cc6a0cca09428471ef768ffc322cc0dbed69bfee50c4ea01f5ac6?s=96&d=mm&r=g\",\"caption\":\"diadem\"},\"sameAs\":[\"http:\\\/\\\/diadem.com\"],\"url\":\"https:\\\/\\\/diadem.com\\\/hu\\\/author\\\/diadem\\\/\"}]}<\/script>\n<!-- \/ Yoast SEO Premium plugin. -->","yoast_head_json":{"title":"A z\u00f6ldtet\u0151k koncepci\u00f3ja: A term\u00e9szet \u00e1pol\u00e1sa az urbaniz\u00e1ci\u00f3 k\u00f6zepette - Diadem","robots":{"index":"index","follow":"follow","max-snippet":"max-snippet:-1","max-image-preview":"max-image-preview:large","max-video-preview":"max-video-preview:-1"},"canonical":"https:\/\/diadem.com\/hu\/a-zoldtetok-koncepcioja-a-termeszet-apolasa-az-urbanizacio-kozepette\/","og_locale":"hu_HU","og_type":"article","og_title":"A z\u00f6ldtet\u0151k koncepci\u00f3ja: A term\u00e9szet \u00e1pol\u00e1sa az urbaniz\u00e1ci\u00f3 k\u00f6zepette","og_description":"Nemr\u00e9g csapatunkat abban a megtiszteltet\u00e9sben r\u00e9szes\u00edtette, hogy szerepelhetett az RTL-en egy olyan programban, amelynek c\u00e9lja a fenntarthat\u00f3 \u00e9letm\u00f3d innovat\u00edv megold\u00e1sainak felt\u00e1r\u00e1sa.","og_url":"https:\/\/diadem.com\/hu\/a-zoldtetok-koncepcioja-a-termeszet-apolasa-az-urbanizacio-kozepette\/","og_site_name":"Diadem","article_publisher":"https:\/\/www.facebook.com\/diadem.greenroof","article_published_time":"2024-06-04T15:37:46+00:00","article_modified_time":"2024-06-26T18:51:52+00:00","og_image":[{"width":2365,"height":1199,"url":"https:\/\/diadem.com\/wp-content\/uploads\/2024\/06\/Peter-interview-Diadem-e1717515455221.jpg","type":"image\/jpeg"}],"author":"diadem","twitter_card":"summary_large_image","twitter_misc":{"Szerz\u0151:":"diadem","Becs\u00fclt olvas\u00e1si id\u0151":"3 perc"},"schema":{"@context":"https:\/\/schema.org","@graph":[{"@type":"Article","@id":"https:\/\/diadem.com\/hu\/a-zoldtetok-koncepcioja-a-termeszet-apolasa-az-urbanizacio-kozepette\/#article","isPartOf":{"@id":"https:\/\/diadem.com\/hu\/a-zoldtetok-koncepcioja-a-termeszet-apolasa-az-urbanizacio-kozepette\/"},"author":{"name":"diadem","@id":"https:\/\/diadem.com\/hu\/#\/schema\/person\/5e99a76faf393229149cdbfcad4d4720"},"headline":"A z\u00f6ldtet\u0151k koncepci\u00f3ja: A term\u00e9szet \u00e1pol\u00e1sa az urbaniz\u00e1ci\u00f3 k\u00f6zepette","datePublished":"2024-06-04T15:37:46+00:00","dateModified":"2024-06-26T18:51:52+00:00","mainEntityOfPage":{"@id":"https:\/\/diadem.com\/hu\/a-zoldtetok-koncepcioja-a-termeszet-apolasa-az-urbanizacio-kozepette\/"},"wordCount":532,"commentCount":0,"publisher":{"@id":"https:\/\/diadem.com\/hu\/#organization"},"image":{"@id":"https:\/\/diadem.com\/hu\/a-zoldtetok-koncepcioja-a-termeszet-apolasa-az-urbanizacio-kozepette\/#primaryimage"},"thumbnailUrl":"https:\/\/diadem.com\/wp-content\/uploads\/2024\/06\/Peter-interview-Diadem-e1717515455221.jpg","articleSection":["Diadem"],"inLanguage":"hu","potentialAction":[{"@type":"CommentAction","name":"Comment","target":["https:\/\/diadem.com\/hu\/a-zoldtetok-koncepcioja-a-termeszet-apolasa-az-urbanizacio-kozepette\/#respond"]}]},{"@type":"WebPage","@id":"https:\/\/diadem.com\/hu\/a-zoldtetok-koncepcioja-a-termeszet-apolasa-az-urbanizacio-kozepette\/","url":"https:\/\/diadem.com\/hu\/a-zoldtetok-koncepcioja-a-termeszet-apolasa-az-urbanizacio-kozepette\/","name":"A z\u00f6ldtet\u0151k koncepci\u00f3ja: A term\u00e9szet \u00e1pol\u00e1sa az urbaniz\u00e1ci\u00f3 k\u00f6zepette - Diadem","isPartOf":{"@id":"https:\/\/diadem.com\/hu\/#website"},"primaryImageOfPage":{"@id":"https:\/\/diadem.com\/hu\/a-zoldtetok-koncepcioja-a-termeszet-apolasa-az-urbanizacio-kozepette\/#primaryimage"},"image":{"@id":"https:\/\/diadem.com\/hu\/a-zoldtetok-koncepcioja-a-termeszet-apolasa-az-urbanizacio-kozepette\/#primaryimage"},"thumbnailUrl":"https:\/\/diadem.com\/wp-content\/uploads\/2024\/06\/Peter-interview-Diadem-e1717515455221.jpg","datePublished":"2024-06-04T15:37:46+00:00","dateModified":"2024-06-26T18:51:52+00:00","breadcrumb":{"@id":"https:\/\/diadem.com\/hu\/a-zoldtetok-koncepcioja-a-termeszet-apolasa-az-urbanizacio-kozepette\/#breadcrumb"},"inLanguage":"hu","potentialAction":[{"@type":"ReadAction","target":["https:\/\/diadem.com\/hu\/a-zoldtetok-koncepcioja-a-termeszet-apolasa-az-urbanizacio-kozepette\/"]}]},{"@type":"ImageObject","inLanguage":"hu","@id":"https:\/\/diadem.com\/hu\/a-zoldtetok-koncepcioja-a-termeszet-apolasa-az-urbanizacio-kozepette\/#primaryimage","url":"https:\/\/diadem.com\/wp-content\/uploads\/2024\/06\/Peter-interview-Diadem-e1717515455221.jpg","contentUrl":"https:\/\/diadem.com\/wp-content\/uploads\/2024\/06\/Peter-interview-Diadem-e1717515455221.jpg","width":2365,"height":1199},{"@type":"BreadcrumbList","@id":"https:\/\/diadem.com\/hu\/a-zoldtetok-koncepcioja-a-termeszet-apolasa-az-urbanizacio-kozepette\/#breadcrumb","itemListElement":[{"@type":"ListItem","position":1,"name":"Home","item":"https:\/\/diadem.com\/hu\/"},{"@type":"ListItem","position":2,"name":"A z\u00f6ldtet\u0151k koncepci\u00f3ja: A term\u00e9szet \u00e1pol\u00e1sa az urbaniz\u00e1ci\u00f3 k\u00f6zepette"}]},{"@type":"WebSite","@id":"https:\/\/diadem.com\/hu\/#website","url":"https:\/\/diadem.com\/hu\/","name":"Diadem","description":"Green Up The Roof!","publisher":{"@id":"https:\/\/diadem.com\/hu\/#organization"},"potentialAction":[{"@type":"SearchAction","target":{"@type":"EntryPoint","urlTemplate":"https:\/\/diadem.com\/hu\/?s={search_term_string}"},"query-input":{"@type":"PropertyValueSpecification","valueRequired":true,"valueName":"search_term_string"}}],"inLanguage":"hu"},{"@type":"Organization","@id":"https:\/\/diadem.com\/hu\/#organization","name":"Diadem","url":"https:\/\/diadem.com\/hu\/","logo":{"@type":"ImageObject","inLanguage":"hu","@id":"https:\/\/diadem.com\/hu\/#\/schema\/logo\/image\/","url":"https:\/\/diadem.com\/wp-content\/uploads\/2020\/11\/2.png","contentUrl":"https:\/\/diadem.com\/wp-content\/uploads\/2020\/11\/2.png","width":1920,"height":1080,"caption":"Diadem"},"image":{"@id":"https:\/\/diadem.com\/hu\/#\/schema\/logo\/image\/"},"sameAs":["https:\/\/www.facebook.com\/diadem.greenroof"]},{"@type":"Person","@id":"https:\/\/diadem.com\/hu\/#\/schema\/person\/5e99a76faf393229149cdbfcad4d4720","name":"diadem","image":{"@type":"ImageObject","inLanguage":"hu","@id":"https:\/\/secure.gravatar.com\/avatar\/8a1a94944e0cc6a0cca09428471ef768ffc322cc0dbed69bfee50c4ea01f5ac6?s=96&d=mm&r=g","url":"https:\/\/secure.gravatar.com\/avatar\/8a1a94944e0cc6a0cca09428471ef768ffc322cc0dbed69bfee50c4ea01f5ac6?s=96&d=mm&r=g","contentUrl":"https:\/\/secure.gravatar.com\/avatar\/8a1a94944e0cc6a0cca09428471ef768ffc322cc0dbed69bfee50c4ea01f5ac6?s=96&d=mm&r=g","caption":"diadem"},"sameAs":["http:\/\/diadem.com"],"url":"https:\/\/diadem.com\/hu\/author\/diadem\/"}]}},"_links":{"self":[{"href":"https:\/\/diadem.com\/hu\/wp-json\/wp\/v2\/posts\/102975","targetHints":{"allow":["GET"]}}],"collection":[{"href":"https:\/\/diadem.com\/hu\/wp-json\/wp\/v2\/posts"}],"about":[{"href":"https:\/\/diadem.com\/hu\/wp-json\/wp\/v2\/types\/post"}],"author":[{"embeddable":true,"href":"https:\/\/diadem.com\/hu\/wp-json\/wp\/v2\/users\/1"}],"replies":[{"embeddable":true,"href":"https:\/\/diadem.com\/hu\/wp-json\/wp\/v2\/comments?post=102975"}],"version-history":[{"count":1,"href":"https:\/\/diadem.com\/hu\/wp-json\/wp\/v2\/posts\/102975\/revisions"}],"predecessor-version":[{"id":102976,"href":"https:\/\/diadem.com\/hu\/wp-json\/wp\/v2\/posts\/102975\/revisions\/102976"}],"wp:featuredmedia":[{"embeddable":true,"href":"https:\/\/diadem.com\/hu\/wp-json\/wp\/v2\/media\/102443"}],"wp:attachment":[{"href":"https:\/\/diadem.com\/hu\/wp-json\/wp\/v2\/media?parent=102975"}],"wp:term":[{"taxonomy":"category","embeddable":true,"href":"https:\/\/diadem.com\/hu\/wp-json\/wp\/v2\/categories?post=102975"},{"taxonomy":"post_tag","embeddable":true,"href":"https:\/\/diadem.com\/hu\/wp-json\/wp\/v2\/tags?post=102975"}],"curies":[{"name":"wp","href":"https:\/\/api.w.org\/{rel}","templated":true}]}}