{"id":104131,"date":"2024-10-23T12:41:27","date_gmt":"2024-10-23T11:41:27","guid":{"rendered":"https:\/\/diadem.com\/2024\/10\/23\/keszulj-fel-vedd-meg-orizd-meg-alapveto-zoldteto-karbantartas-osszel\/"},"modified":"2025-03-12T11:13:40","modified_gmt":"2025-03-12T10:13:40","slug":"keszulj-fel-vedd-meg-orizd-meg-alapveto-zoldteto-karbantartas-osszel","status":"publish","type":"post","link":"https:\/\/diadem.com\/hu\/keszulj-fel-vedd-meg-orizd-meg-alapveto-zoldteto-karbantartas-osszel\/","title":{"rendered":"K\u00e9sz\u00fclj fel, v\u00e9dd meg, \u0151rizd meg! Alapvet\u0151 z\u00f6ldtet\u0151 karbantart\u00e1s \u0151sszel"},"content":{"rendered":"\t\t<div data-elementor-type=\"wp-post\" data-elementor-id=\"104131\" class=\"elementor elementor-104131 elementor-104105\" data-elementor-post-type=\"post\">\n\t\t\t\t\t\t<section class=\"elementor-section elementor-top-section elementor-element elementor-element-b5858ed elementor-reverse-mobile elementor-section-boxed elementor-section-height-default elementor-section-height-default\" data-id=\"b5858ed\" data-element_type=\"section\" data-e-type=\"section\">\n\t\t\t\t\t\t<div class=\"elementor-container elementor-column-gap-wider\">\n\t\t\t\t\t<div class=\"elementor-column elementor-col-100 elementor-top-column elementor-element elementor-element-129e8772\" data-id=\"129e8772\" data-element_type=\"column\" data-e-type=\"column\">\n\t\t\t<div class=\"elementor-widget-wrap elementor-element-populated\">\n\t\t\t\t\t\t<div class=\"elementor-element elementor-element-2c5f0ce elementor-widget elementor-widget-text-editor\" data-id=\"2c5f0ce\" data-element_type=\"widget\" data-e-type=\"widget\" data-widget_type=\"text-editor.default\">\n\t\t\t\t<div class=\"elementor-widget-container\">\n\t\t\t\t\t\t\t\t\t<p>Ahogy bek\u00f6sz\u00f6nt az \u0151sz, elengedhetetlen, hogy elkezdj\u00fck felk\u00e9sz\u00edteni a z\u00f6ldtet\u0151ket a hidegebb h\u00f3napokra, hogy biztos\u00edtsuk eg\u00e9szs\u00e9g\u00fcket \u00e9s \u00e9leterej\u00fcket. <\/p>\n<p>Az \u0151szi karbantart\u00e1s nemcsak seg\u00edt a z\u00f6ldtet\u0151nek \u00e1tv\u00e9szelni a telet, hanem megalapozza a tavaszi meg\u00fajul\u00e1st is. A megfelel\u0151 gondoskod\u00e1s ebben az id\u0151szakban mag\u00e1ban foglalja a rendszeres ellen\u0151rz\u00e9seket, a gyoml\u00e1l\u00e1st, a tr\u00e1gy\u00e1z\u00e1st \u00e9s az \u00f6nt\u00f6z\u0151rendszerek el\u0151k\u00e9sz\u00edt\u00e9s\u00e9t. <\/p>\n<p>\u00cdme egy r\u00e9szletes \u00fatmutat\u00f3 az alapvet\u0151 feladatokhoz, hogy a z\u00f6ldtet\u0151 \u0151sszel is kiv\u00e1l\u00f3 \u00e1llapotban maradjon.<\/p>\n\t\t\t\t\t\t\t\t<\/div>\n\t\t\t\t<\/div>\n\t\t\t\t\t<\/div>\n\t\t<\/div>\n\t\t\t\t\t<\/div>\n\t\t<\/section>\n\t\t\t\t<section class=\"elementor-section elementor-top-section elementor-element elementor-element-ccd4303 elementor-reverse-mobile elementor-section-boxed elementor-section-height-default elementor-section-height-default\" data-id=\"ccd4303\" data-element_type=\"section\" data-e-type=\"section\">\n\t\t\t\t\t\t<div class=\"elementor-container elementor-column-gap-wider\">\n\t\t\t\t\t<div class=\"elementor-column elementor-col-100 elementor-top-column elementor-element elementor-element-23df64a\" data-id=\"23df64a\" data-element_type=\"column\" data-e-type=\"column\">\n\t\t\t<div class=\"elementor-widget-wrap elementor-element-populated\">\n\t\t\t\t\t\t<div class=\"elementor-element elementor-element-c957e02 elementor-widget elementor-widget-image\" data-id=\"c957e02\" data-element_type=\"widget\" data-e-type=\"widget\" data-widget_type=\"image.default\">\n\t\t\t\t<div class=\"elementor-widget-container\">\n\t\t\t\t\t\t\t\t\t\t\t\t\t\t\t<img fetchpriority=\"high\" decoding=\"async\" width=\"543\" height=\"362\" src=\"https:\/\/diadem.com\/wp-content\/uploads\/2024\/10\/Diadem1.jpg\" class=\"attachment-medium_large size-medium_large wp-image-104111\" alt=\"\" srcset=\"https:\/\/diadem.com\/wp-content\/uploads\/2024\/10\/Diadem1.jpg 543w, https:\/\/diadem.com\/wp-content\/uploads\/2024\/10\/Diadem1-300x200.jpg 300w\" sizes=\"(max-width: 543px) 100vw, 543px\" \/>\t\t\t\t\t\t\t\t\t\t\t\t\t\t\t<\/div>\n\t\t\t\t<\/div>\n\t\t\t\t<div class=\"elementor-element elementor-element-14a87dd elementor-widget elementor-widget-text-editor\" data-id=\"14a87dd\" data-element_type=\"widget\" data-e-type=\"widget\" data-widget_type=\"text-editor.default\">\n\t\t\t\t<div class=\"elementor-widget-container\">\n\t\t\t\t\t\t\t\t\t<p><strong>A tet\u0151 ellen\u0151rz\u00e9se \u00e9s tiszt\u00edt\u00e1sa<\/strong><\/p>\n\t\t\t\t\t\t\t\t<\/div>\n\t\t\t\t<\/div>\n\t\t\t\t<div class=\"elementor-element elementor-element-2ef84fa elementor-widget elementor-widget-text-editor\" data-id=\"2ef84fa\" data-element_type=\"widget\" data-e-type=\"widget\" data-widget_type=\"text-editor.default\">\n\t\t\t\t<div class=\"elementor-widget-container\">\n\t\t\t\t\t\t\t\t\t<p>Az \u0151szi karbantart\u00e1s egyik els\u0151 feladata a tet\u0151 alapos ellen\u0151rz\u00e9se. Ide tartozik minden olyan t\u00f6rmel\u00e9k, lev\u00e9l vagy m\u00e1s anyag elt\u00e1vol\u00edt\u00e1sa, amely a ny\u00e1r folyam\u00e1n felhalmoz\u00f3dott. <\/p>\n<p>A levelek k\u00fcl\u00f6n\u00f6sen vesz\u00e9lyesek lehetnek, mivel elt\u00f6m\u00edthetik a v\u00edzelvezet\u0151 rendszereket, ami v\u00edzvisszatart\u00e1shoz \u00e9s esetleges k\u00e1rosod\u00e1shoz vezethet. Fontos ellen\u0151rizni, nem n\u0151ttek-e ki nemk\u00edv\u00e1natos gyomok a k\u00e9s\u0151 ny\u00e1r folyam\u00e1n. A rendszeres gyoml\u00e1l\u00e1s ilyenkor megakad\u00e1lyozza, hogy a nem k\u00edv\u00e1nt n\u00f6v\u00e9nyek \u00e1tvegy\u00e9k az uralmat \u00e9s gyeng\u00edts\u00e9k a tet\u0151n l\u00e9v\u0151 veget\u00e1ci\u00f3t.   <\/p>\n<p>Emellett ellen\u0151rizze az \u00f6sszes v\u00edzelvezet\u0151 pontot, hogy a v\u00edz akad\u00e1lytalanul tudjon folyni, \u00e9s ne rekedjen meg a szerves anyagok miatt.<\/p>\n\t\t\t\t\t\t\t\t<\/div>\n\t\t\t\t<\/div>\n\t\t\t\t<div class=\"elementor-element elementor-element-7ae1266 elementor-widget elementor-widget-text-editor\" data-id=\"7ae1266\" data-element_type=\"widget\" data-e-type=\"widget\" data-widget_type=\"text-editor.default\">\n\t\t\t\t<div class=\"elementor-widget-container\">\n\t\t\t\t\t\t\t\t\t<p><b>Tr\u00e1gy\u00e1z\u00e1s \u00e9s n\u00f6v\u00e9nygondoz\u00e1s <\/b><\/p>\n<p> Az \u0151sz kiv\u00e1l\u00f3 id\u0151szak a lass\u00fa felszabadul\u00e1s\u00fa m\u0171tr\u00e1gy\u00e1k alkalmaz\u00e1s\u00e1ra, hogy meger\u0151s\u00edtse a z\u00f6ldtet\u0151 n\u00f6v\u00e9nyeit a t\u00e9l el\u0151tt. B\u00e1r a kiterjedt z\u00f6ldtet\u0151k \u00e1ltal\u00e1ban nem ig\u00e9nyelnek nagy mennyis\u00e9g\u0171 tr\u00e1gy\u00e1z\u00e1st, egy k\u00f6nny\u0171 alkalmaz\u00e1s kora \u0151sszel elegend\u0151 t\u00e1panyagot biztos\u00edthat a n\u00f6v\u00e9nyek sz\u00e1m\u00e1ra a hideg \u00e1tv\u00e9szel\u00e9s\u00e9hez.  <\/p>\n<p>Fontos azonban \u00f3vatosnak lenni &#8211; a k\u00e9s\u0151 \u0151szi t\u00faltr\u00e1gy\u00e1z\u00e1s fagy\u00e9rz\u00e9kenny\u00e9 teheti a n\u00f6v\u00e9nyeket. Ha tr\u00e1gy\u00e1z\u00e1sra van sz\u00fcks\u00e9g, cs\u00f6kkentse a m\u0171tr\u00e1gya er\u0151ss\u00e9g\u00e9t 50-75%-kal, hogy elker\u00fclje a n\u00f6v\u00e9nyek t\u00falterhel\u00e9s\u00e9t. Haszn\u00e1ljon t\u00e1panyagokban gazdag, de k\u00edm\u00e9letes m\u0171tr\u00e1gy\u00e1kat, amelyek kiegyens\u00falyozottan tartalmaznak nitrog\u00e9nt, foszfort \u00e9s k\u00e1liumot.  <\/p>\n\t\t\t\t\t\t\t\t<\/div>\n\t\t\t\t<\/div>\n\t\t\t\t<div class=\"elementor-element elementor-element-01af456 elementor-widget elementor-widget-text-editor\" data-id=\"01af456\" data-element_type=\"widget\" data-e-type=\"widget\" data-widget_type=\"text-editor.default\">\n\t\t\t\t<div class=\"elementor-widget-container\">\n\t\t\t\t\t\t\t\t\t<p><strong>Az \u00f6nt\u00f6z\u0151rendszerek be\u00e1ll\u00edt\u00e1sa \u00e9s t\u00e9lies\u00edt\u00e9se<\/strong><\/p>\n<p>Az \u00f6nt\u00f6z\u00e9si \u00fctemtervet az id\u0151j\u00e1r\u00e1s h\u0171l\u00e9s\u00e9vel \u00e9s a csapad\u00e9kmennyis\u00e9g n\u00f6veked\u00e9s\u00e9vel \u00f6sszhangban kell m\u00f3dos\u00edtani. A legt\u00f6bb r\u00e9gi\u00f3ban az \u00f6nt\u00f6z\u0151rendszereket ki kell kapcsolni, amint az id\u0151 leh\u0171l, mivel a n\u00f6v\u00e9nyek nyugalmi \u00e1llapotba ker\u00fclnek \u00e9s m\u00e1r nincs sz\u00fcks\u00e9g gyakori \u00f6nt\u00f6z\u00e9sre. <\/p>\n<p>Az \u00e1lland\u00f3 \u00f6nt\u00f6z\u0151rendszerekkel rendelkez\u0151 tet\u0151kn\u00e9l kritikus fontoss\u00e1g\u00fa a t\u00e9lies\u00edt\u00e9s. Ez mag\u00e1ban foglalja a rendszerek leereszt\u00e9s\u00e9t, hogy megakad\u00e1lyozza a cs\u00f6vek befagy\u00e1s\u00e1t \u00e9s reped\u00e9s\u00e9t. Ide\u00e1lis esetben az \u00f6nt\u00f6z\u0151rendszereket okt\u00f3ber k\u00f6zep\u00e9ig t\u00e9lies\u00edteni kell, hogy elker\u00fclj\u00fck az esetleges hirtelen h\u0151m\u00e9rs\u00e9klet-cs\u00f6kken\u00e9s okozta k\u00e1rokat.  <\/p>\n\t\t\t\t\t\t\t\t<\/div>\n\t\t\t\t<\/div>\n\t\t\t\t<div class=\"elementor-element elementor-element-30960e6 elementor-widget elementor-widget-image\" data-id=\"30960e6\" data-element_type=\"widget\" data-e-type=\"widget\" data-widget_type=\"image.default\">\n\t\t\t\t<div class=\"elementor-widget-container\">\n\t\t\t\t\t\t\t\t\t\t\t\t\t\t\t<img decoding=\"async\" width=\"1024\" height=\"683\" src=\"https:\/\/diadem.com\/wp-content\/uploads\/2024\/10\/Laurel-Landscaping-1024x683.jpg\" class=\"attachment-large size-large wp-image-104114\" alt=\"\" srcset=\"https:\/\/diadem.com\/wp-content\/uploads\/2024\/10\/Laurel-Landscaping-1024x683.jpg 1024w, https:\/\/diadem.com\/wp-content\/uploads\/2024\/10\/Laurel-Landscaping-300x200.jpg 300w, https:\/\/diadem.com\/wp-content\/uploads\/2024\/10\/Laurel-Landscaping-768x512.jpg 768w, https:\/\/diadem.com\/wp-content\/uploads\/2024\/10\/Laurel-Landscaping.jpg 1296w\" sizes=\"(max-width: 1024px) 100vw, 1024px\" \/>\t\t\t\t\t\t\t\t\t\t\t\t\t\t\t<\/div>\n\t\t\t\t<\/div>\n\t\t\t\t\t<\/div>\n\t\t<\/div>\n\t\t\t\t\t<\/div>\n\t\t<\/section>\n\t\t\t\t<section class=\"elementor-section elementor-top-section elementor-element elementor-element-b71c01c elementor-reverse-mobile elementor-section-boxed elementor-section-height-default elementor-section-height-default\" data-id=\"b71c01c\" data-element_type=\"section\" data-e-type=\"section\">\n\t\t\t\t\t\t<div class=\"elementor-container elementor-column-gap-wider\">\n\t\t\t\t\t<div class=\"elementor-column elementor-col-100 elementor-top-column elementor-element elementor-element-2cb397f\" data-id=\"2cb397f\" data-element_type=\"column\" data-e-type=\"column\">\n\t\t\t<div class=\"elementor-widget-wrap elementor-element-populated\">\n\t\t\t\t\t\t<div class=\"elementor-element elementor-element-5828d86 elementor-widget elementor-widget-text-editor\" data-id=\"5828d86\" data-element_type=\"widget\" data-e-type=\"widget\" data-widget_type=\"text-editor.default\">\n\t\t\t\t<div class=\"elementor-widget-container\">\n\t\t\t\t\t\t\t\t\t<p><strong>A n\u00f6v\u00e9nyzet gyoml\u00e1l\u00e1sa \u00e9s ny\u00edr\u00e1sa<\/strong><\/p>\n<p>Az \u0151szi id\u0151szakban ugyanolyan fontos a rendszeres gyoml\u00e1l\u00e1s, mint az \u00e9v t\u00f6bbi r\u00e9sz\u00e9ben. Ahogy a n\u00f6v\u00e9nyek nyugalmi \u00e1llapotba k\u00e9sz\u00fclnek, a gyomok tov\u00e1bbra is j\u00f3l fejl\u0151dhetnek, k\u00fcl\u00f6n\u00f6sen az enyh\u00e9bb t\u00e9llel rendelkez\u0151 r\u00e9gi\u00f3kban. V\u00e9gezz\u00fcnk rendszeres gyoml\u00e1l\u00e1st h\u00e1rom-n\u00e9gy hetente \u0151sszel, hogy z\u00f6ldtet\u0151nk rendezett \u00e9s eg\u00e9szs\u00e9ges maradjon. Emellett sz\u00fcks\u00e9g lehet a n\u00f6v\u00e9nyek visszav\u00e1g\u00e1s\u00e1ra is, k\u00fcl\u00f6n\u00f6sen akkor, ha tet\u0151nk\u00f6n olyan n\u00f6v\u00e9nyek vannak, mint a varj\u00fah\u00e1j vagy a d\u00edszf\u00fcvek. Ezeknek a n\u00f6v\u00e9nyeknek a k\u00e9s\u0151 \u0151szi metsz\u00e9se el\u0151seg\u00edti az eg\u00e9szs\u00e9gesebb n\u00f6veked\u00e9st tavasszal, biztos\u00edtva, hogy z\u00f6ldtet\u0151nk eg\u00e9sz \u00e9vben \u00e9l\u00e9nk maradjon.   <\/p>\n\t\t\t\t\t\t\t\t<\/div>\n\t\t\t\t<\/div>\n\t\t\t\t<div class=\"elementor-element elementor-element-ea343b1 elementor-widget elementor-widget-spacer\" data-id=\"ea343b1\" data-element_type=\"widget\" data-e-type=\"widget\" data-widget_type=\"spacer.default\">\n\t\t\t\t<div class=\"elementor-widget-container\">\n\t\t\t\t\t\t\t<div class=\"elementor-spacer\">\n\t\t\t<div class=\"elementor-spacer-inner\"><\/div>\n\t\t<\/div>\n\t\t\t\t\t\t<\/div>\n\t\t\t\t<\/div>\n\t\t\t\t<div class=\"elementor-element elementor-element-bc1614b elementor-widget elementor-widget-image\" data-id=\"bc1614b\" data-element_type=\"widget\" data-e-type=\"widget\" data-widget_type=\"image.default\">\n\t\t\t\t<div class=\"elementor-widget-container\">\n\t\t\t\t\t\t\t\t\t\t\t\t\t\t\t<img decoding=\"async\" width=\"250\" height=\"166\" src=\"https:\/\/diadem.com\/wp-content\/uploads\/2024\/10\/Diadem.jpg\" class=\"attachment-large size-large wp-image-104108\" alt=\"\" \/>\t\t\t\t\t\t\t\t\t\t\t\t\t\t\t<\/div>\n\t\t\t\t<\/div>\n\t\t\t\t<div class=\"elementor-element elementor-element-9ba2b30 elementor-widget elementor-widget-text-editor\" data-id=\"9ba2b30\" data-element_type=\"widget\" data-e-type=\"widget\" data-widget_type=\"text-editor.default\">\n\t\t\t\t<div class=\"elementor-widget-container\">\n\t\t\t\t\t\t\t\t\t<p>Ezeknek az alapvet\u0151 karbantart\u00e1si gyakorlatoknak a k\u00f6vet\u00e9s\u00e9vel biztos\u00edthatja, hogy z\u00f6ldtet\u0151je robusztus maradjon az \u0151sz \u00e9s a t\u00e9l folyam\u00e1n, \u00e9s tavasszal \u00faj \u00e9letre keljen. <\/p>\n<p>Az elv\u00e9gzett rendszeres gondoskod\u00e1ssal hossz\u00fa t\u00e1von id\u0151t, p\u00e9nzt \u00e9s energi\u00e1t takar\u00edthat meg, mik\u00f6zben t\u00e1mogatja tet\u0151kertj\u00e9nek fenntarthat\u00f3s\u00e1g\u00e1t.<\/p>\n<p>A v\u00e1g\u00e1si folyamat r\u00e9szek\u00e9nt a n\u00f6v\u00e9nyzet hajt\u00e1sokkal val\u00f3 gazdag\u00edt\u00e1sa rendk\u00edv\u00fcl el\u0151ny\u00f6s.<\/p>\n<p>Azonnal tudjuk sz\u00e1ll\u00edtani mindegyik sedum term\u00e9k\u00fcnket, frissen, a legjobb min\u0151s\u00e9gben! Id\u00e9n \u0151sszel m\u00e1r t\u00f6bb ezer m2 tet\u0151t fedt\u00fcnk le term\u00e9keinkkel!<\/p>\n<p>Vegye fel vel\u00fcnk a kapcsolatot a gyors kiszolg\u00e1l\u00e1s \u00e9rdek\u00e9ben!<\/p>\n<p>Z\u00f6ld\u00edts\u00fck ki a h\u00e1ztet\u0151ket, a v\u00e1rosokat, a vil\u00e1got!<\/p>\n\t\t\t\t\t\t\t\t<\/div>\n\t\t\t\t<\/div>\n\t\t\t\t\t<\/div>\n\t\t<\/div>\n\t\t\t\t\t<\/div>\n\t\t<\/section>\n\t\t\t\t<\/div>\n\t\t","protected":false},"excerpt":{"rendered":"<p>Ahogy bek\u00f6sz\u00f6nt az \u0151sz, elengedhetetlen, hogy elkezdj\u00fck felk\u00e9sz\u00edteni a z\u00f6ldtet\u0151ket a hidegebb h\u00f3napokra, hogy biztos\u00edtsuk eg\u00e9szs\u00e9g\u00fcket \u00e9s \u00e9leterej\u00fcket. <\/p>\n","protected":false},"author":1,"featured_media":104111,"comment_status":"open","ping_status":"open","sticky":false,"template":"","format":"standard","meta":{"_acf_changed":false,"footnotes":""},"categories":[394],"tags":[],"class_list":["post-104131","post","type-post","status-publish","format-standard","has-post-thumbnail","hentry","category-diadem-hu"],"acf":[],"yoast_head":"<!-- This site is optimized with the Yoast SEO Premium plugin v27.3 (Yoast SEO v27.3) - https:\/\/yoast.com\/product\/yoast-seo-premium-wordpress\/ -->\n<title>K\u00e9sz\u00fclj fel, v\u00e9dd meg, \u0151rizd meg! Alapvet\u0151 z\u00f6ldtet\u0151 karbantart\u00e1s \u0151sszel - Diadem<\/title>\n<meta name=\"robots\" content=\"index, follow, max-snippet:-1, max-image-preview:large, max-video-preview:-1\" \/>\n<link rel=\"canonical\" href=\"https:\/\/diadem.com\/hu\/keszulj-fel-vedd-meg-orizd-meg-alapveto-zoldteto-karbantartas-osszel\/\" \/>\n<meta property=\"og:locale\" content=\"hu_HU\" \/>\n<meta property=\"og:type\" content=\"article\" \/>\n<meta property=\"og:title\" content=\"K\u00e9sz\u00fclj fel, v\u00e9dd meg, \u0151rizd meg! Alapvet\u0151 z\u00f6ldtet\u0151 karbantart\u00e1s \u0151sszel\" \/>\n<meta property=\"og:description\" content=\"Ahogy bek\u00f6sz\u00f6nt az \u0151sz, elengedhetetlen, hogy elkezdj\u00fck felk\u00e9sz\u00edteni a z\u00f6ldtet\u0151ket a hidegebb h\u00f3napokra, hogy biztos\u00edtsuk eg\u00e9szs\u00e9g\u00fcket \u00e9s \u00e9leterej\u00fcket.\" \/>\n<meta property=\"og:url\" content=\"https:\/\/diadem.com\/hu\/keszulj-fel-vedd-meg-orizd-meg-alapveto-zoldteto-karbantartas-osszel\/\" \/>\n<meta property=\"og:site_name\" content=\"Diadem\" \/>\n<meta property=\"article:publisher\" content=\"https:\/\/www.facebook.com\/diadem.greenroof\" \/>\n<meta property=\"article:published_time\" content=\"2024-10-23T11:41:27+00:00\" \/>\n<meta property=\"article:modified_time\" content=\"2025-03-12T10:13:40+00:00\" \/>\n<meta property=\"og:image\" content=\"https:\/\/diadem.com\/wp-content\/uploads\/2024\/10\/Diadem1.jpg\" \/>\n\t<meta property=\"og:image:width\" content=\"543\" \/>\n\t<meta property=\"og:image:height\" content=\"362\" \/>\n\t<meta property=\"og:image:type\" content=\"image\/jpeg\" \/>\n<meta name=\"author\" content=\"diadem\" \/>\n<meta name=\"twitter:card\" content=\"summary_large_image\" \/>\n<meta name=\"twitter:label1\" content=\"Szerz\u0151:\" \/>\n\t<meta name=\"twitter:data1\" content=\"diadem\" \/>\n\t<meta name=\"twitter:label2\" content=\"Becs\u00fclt olvas\u00e1si id\u0151\" \/>\n\t<meta name=\"twitter:data2\" content=\"4 perc\" \/>\n<script type=\"application\/ld+json\" class=\"yoast-schema-graph\">{\"@context\":\"https:\\\/\\\/schema.org\",\"@graph\":[{\"@type\":\"Article\",\"@id\":\"https:\\\/\\\/diadem.com\\\/hu\\\/keszulj-fel-vedd-meg-orizd-meg-alapveto-zoldteto-karbantartas-osszel\\\/#article\",\"isPartOf\":{\"@id\":\"https:\\\/\\\/diadem.com\\\/hu\\\/keszulj-fel-vedd-meg-orizd-meg-alapveto-zoldteto-karbantartas-osszel\\\/\"},\"author\":{\"name\":\"diadem\",\"@id\":\"https:\\\/\\\/diadem.com\\\/hu\\\/#\\\/schema\\\/person\\\/5e99a76faf393229149cdbfcad4d4720\"},\"headline\":\"K\u00e9sz\u00fclj fel, v\u00e9dd meg, \u0151rizd meg! Alapvet\u0151 z\u00f6ldtet\u0151 karbantart\u00e1s \u0151sszel\",\"datePublished\":\"2024-10-23T11:41:27+00:00\",\"dateModified\":\"2025-03-12T10:13:40+00:00\",\"mainEntityOfPage\":{\"@id\":\"https:\\\/\\\/diadem.com\\\/hu\\\/keszulj-fel-vedd-meg-orizd-meg-alapveto-zoldteto-karbantartas-osszel\\\/\"},\"wordCount\":886,\"commentCount\":0,\"publisher\":{\"@id\":\"https:\\\/\\\/diadem.com\\\/hu\\\/#organization\"},\"image\":{\"@id\":\"https:\\\/\\\/diadem.com\\\/hu\\\/keszulj-fel-vedd-meg-orizd-meg-alapveto-zoldteto-karbantartas-osszel\\\/#primaryimage\"},\"thumbnailUrl\":\"https:\\\/\\\/diadem.com\\\/wp-content\\\/uploads\\\/2024\\\/10\\\/Diadem1.jpg\",\"articleSection\":[\"Diadem\"],\"inLanguage\":\"hu\",\"potentialAction\":[{\"@type\":\"CommentAction\",\"name\":\"Comment\",\"target\":[\"https:\\\/\\\/diadem.com\\\/hu\\\/keszulj-fel-vedd-meg-orizd-meg-alapveto-zoldteto-karbantartas-osszel\\\/#respond\"]}]},{\"@type\":\"WebPage\",\"@id\":\"https:\\\/\\\/diadem.com\\\/hu\\\/keszulj-fel-vedd-meg-orizd-meg-alapveto-zoldteto-karbantartas-osszel\\\/\",\"url\":\"https:\\\/\\\/diadem.com\\\/hu\\\/keszulj-fel-vedd-meg-orizd-meg-alapveto-zoldteto-karbantartas-osszel\\\/\",\"name\":\"K\u00e9sz\u00fclj fel, v\u00e9dd meg, \u0151rizd meg! Alapvet\u0151 z\u00f6ldtet\u0151 karbantart\u00e1s \u0151sszel - Diadem\",\"isPartOf\":{\"@id\":\"https:\\\/\\\/diadem.com\\\/hu\\\/#website\"},\"primaryImageOfPage\":{\"@id\":\"https:\\\/\\\/diadem.com\\\/hu\\\/keszulj-fel-vedd-meg-orizd-meg-alapveto-zoldteto-karbantartas-osszel\\\/#primaryimage\"},\"image\":{\"@id\":\"https:\\\/\\\/diadem.com\\\/hu\\\/keszulj-fel-vedd-meg-orizd-meg-alapveto-zoldteto-karbantartas-osszel\\\/#primaryimage\"},\"thumbnailUrl\":\"https:\\\/\\\/diadem.com\\\/wp-content\\\/uploads\\\/2024\\\/10\\\/Diadem1.jpg\",\"datePublished\":\"2024-10-23T11:41:27+00:00\",\"dateModified\":\"2025-03-12T10:13:40+00:00\",\"breadcrumb\":{\"@id\":\"https:\\\/\\\/diadem.com\\\/hu\\\/keszulj-fel-vedd-meg-orizd-meg-alapveto-zoldteto-karbantartas-osszel\\\/#breadcrumb\"},\"inLanguage\":\"hu\",\"potentialAction\":[{\"@type\":\"ReadAction\",\"target\":[\"https:\\\/\\\/diadem.com\\\/hu\\\/keszulj-fel-vedd-meg-orizd-meg-alapveto-zoldteto-karbantartas-osszel\\\/\"]}]},{\"@type\":\"ImageObject\",\"inLanguage\":\"hu\",\"@id\":\"https:\\\/\\\/diadem.com\\\/hu\\\/keszulj-fel-vedd-meg-orizd-meg-alapveto-zoldteto-karbantartas-osszel\\\/#primaryimage\",\"url\":\"https:\\\/\\\/diadem.com\\\/wp-content\\\/uploads\\\/2024\\\/10\\\/Diadem1.jpg\",\"contentUrl\":\"https:\\\/\\\/diadem.com\\\/wp-content\\\/uploads\\\/2024\\\/10\\\/Diadem1.jpg\",\"width\":543,\"height\":362},{\"@type\":\"BreadcrumbList\",\"@id\":\"https:\\\/\\\/diadem.com\\\/hu\\\/keszulj-fel-vedd-meg-orizd-meg-alapveto-zoldteto-karbantartas-osszel\\\/#breadcrumb\",\"itemListElement\":[{\"@type\":\"ListItem\",\"position\":1,\"name\":\"Home\",\"item\":\"https:\\\/\\\/diadem.com\\\/hu\\\/\"},{\"@type\":\"ListItem\",\"position\":2,\"name\":\"K\u00e9sz\u00fclj fel, v\u00e9dd meg, \u0151rizd meg! Alapvet\u0151 z\u00f6ldtet\u0151 karbantart\u00e1s \u0151sszel\"}]},{\"@type\":\"WebSite\",\"@id\":\"https:\\\/\\\/diadem.com\\\/hu\\\/#website\",\"url\":\"https:\\\/\\\/diadem.com\\\/hu\\\/\",\"name\":\"Diadem\",\"description\":\"Green Up The Roof!\",\"publisher\":{\"@id\":\"https:\\\/\\\/diadem.com\\\/hu\\\/#organization\"},\"potentialAction\":[{\"@type\":\"SearchAction\",\"target\":{\"@type\":\"EntryPoint\",\"urlTemplate\":\"https:\\\/\\\/diadem.com\\\/hu\\\/?s={search_term_string}\"},\"query-input\":{\"@type\":\"PropertyValueSpecification\",\"valueRequired\":true,\"valueName\":\"search_term_string\"}}],\"inLanguage\":\"hu\"},{\"@type\":\"Organization\",\"@id\":\"https:\\\/\\\/diadem.com\\\/hu\\\/#organization\",\"name\":\"Diadem\",\"url\":\"https:\\\/\\\/diadem.com\\\/hu\\\/\",\"logo\":{\"@type\":\"ImageObject\",\"inLanguage\":\"hu\",\"@id\":\"https:\\\/\\\/diadem.com\\\/hu\\\/#\\\/schema\\\/logo\\\/image\\\/\",\"url\":\"https:\\\/\\\/diadem.com\\\/wp-content\\\/uploads\\\/2020\\\/11\\\/2.png\",\"contentUrl\":\"https:\\\/\\\/diadem.com\\\/wp-content\\\/uploads\\\/2020\\\/11\\\/2.png\",\"width\":1920,\"height\":1080,\"caption\":\"Diadem\"},\"image\":{\"@id\":\"https:\\\/\\\/diadem.com\\\/hu\\\/#\\\/schema\\\/logo\\\/image\\\/\"},\"sameAs\":[\"https:\\\/\\\/www.facebook.com\\\/diadem.greenroof\"]},{\"@type\":\"Person\",\"@id\":\"https:\\\/\\\/diadem.com\\\/hu\\\/#\\\/schema\\\/person\\\/5e99a76faf393229149cdbfcad4d4720\",\"name\":\"diadem\",\"image\":{\"@type\":\"ImageObject\",\"inLanguage\":\"hu\",\"@id\":\"https:\\\/\\\/secure.gravatar.com\\\/avatar\\\/8a1a94944e0cc6a0cca09428471ef768ffc322cc0dbed69bfee50c4ea01f5ac6?s=96&d=mm&r=g\",\"url\":\"https:\\\/\\\/secure.gravatar.com\\\/avatar\\\/8a1a94944e0cc6a0cca09428471ef768ffc322cc0dbed69bfee50c4ea01f5ac6?s=96&d=mm&r=g\",\"contentUrl\":\"https:\\\/\\\/secure.gravatar.com\\\/avatar\\\/8a1a94944e0cc6a0cca09428471ef768ffc322cc0dbed69bfee50c4ea01f5ac6?s=96&d=mm&r=g\",\"caption\":\"diadem\"},\"sameAs\":[\"http:\\\/\\\/diadem.com\"],\"url\":\"https:\\\/\\\/diadem.com\\\/hu\\\/author\\\/diadem\\\/\"}]}<\/script>\n<!-- \/ Yoast SEO Premium plugin. -->","yoast_head_json":{"title":"K\u00e9sz\u00fclj fel, v\u00e9dd meg, \u0151rizd meg! Alapvet\u0151 z\u00f6ldtet\u0151 karbantart\u00e1s \u0151sszel - Diadem","robots":{"index":"index","follow":"follow","max-snippet":"max-snippet:-1","max-image-preview":"max-image-preview:large","max-video-preview":"max-video-preview:-1"},"canonical":"https:\/\/diadem.com\/hu\/keszulj-fel-vedd-meg-orizd-meg-alapveto-zoldteto-karbantartas-osszel\/","og_locale":"hu_HU","og_type":"article","og_title":"K\u00e9sz\u00fclj fel, v\u00e9dd meg, \u0151rizd meg! Alapvet\u0151 z\u00f6ldtet\u0151 karbantart\u00e1s \u0151sszel","og_description":"Ahogy bek\u00f6sz\u00f6nt az \u0151sz, elengedhetetlen, hogy elkezdj\u00fck felk\u00e9sz\u00edteni a z\u00f6ldtet\u0151ket a hidegebb h\u00f3napokra, hogy biztos\u00edtsuk eg\u00e9szs\u00e9g\u00fcket \u00e9s \u00e9leterej\u00fcket.","og_url":"https:\/\/diadem.com\/hu\/keszulj-fel-vedd-meg-orizd-meg-alapveto-zoldteto-karbantartas-osszel\/","og_site_name":"Diadem","article_publisher":"https:\/\/www.facebook.com\/diadem.greenroof","article_published_time":"2024-10-23T11:41:27+00:00","article_modified_time":"2025-03-12T10:13:40+00:00","og_image":[{"width":543,"height":362,"url":"https:\/\/diadem.com\/wp-content\/uploads\/2024\/10\/Diadem1.jpg","type":"image\/jpeg"}],"author":"diadem","twitter_card":"summary_large_image","twitter_misc":{"Szerz\u0151:":"diadem","Becs\u00fclt olvas\u00e1si id\u0151":"4 perc"},"schema":{"@context":"https:\/\/schema.org","@graph":[{"@type":"Article","@id":"https:\/\/diadem.com\/hu\/keszulj-fel-vedd-meg-orizd-meg-alapveto-zoldteto-karbantartas-osszel\/#article","isPartOf":{"@id":"https:\/\/diadem.com\/hu\/keszulj-fel-vedd-meg-orizd-meg-alapveto-zoldteto-karbantartas-osszel\/"},"author":{"name":"diadem","@id":"https:\/\/diadem.com\/hu\/#\/schema\/person\/5e99a76faf393229149cdbfcad4d4720"},"headline":"K\u00e9sz\u00fclj fel, v\u00e9dd meg, \u0151rizd meg! Alapvet\u0151 z\u00f6ldtet\u0151 karbantart\u00e1s \u0151sszel","datePublished":"2024-10-23T11:41:27+00:00","dateModified":"2025-03-12T10:13:40+00:00","mainEntityOfPage":{"@id":"https:\/\/diadem.com\/hu\/keszulj-fel-vedd-meg-orizd-meg-alapveto-zoldteto-karbantartas-osszel\/"},"wordCount":886,"commentCount":0,"publisher":{"@id":"https:\/\/diadem.com\/hu\/#organization"},"image":{"@id":"https:\/\/diadem.com\/hu\/keszulj-fel-vedd-meg-orizd-meg-alapveto-zoldteto-karbantartas-osszel\/#primaryimage"},"thumbnailUrl":"https:\/\/diadem.com\/wp-content\/uploads\/2024\/10\/Diadem1.jpg","articleSection":["Diadem"],"inLanguage":"hu","potentialAction":[{"@type":"CommentAction","name":"Comment","target":["https:\/\/diadem.com\/hu\/keszulj-fel-vedd-meg-orizd-meg-alapveto-zoldteto-karbantartas-osszel\/#respond"]}]},{"@type":"WebPage","@id":"https:\/\/diadem.com\/hu\/keszulj-fel-vedd-meg-orizd-meg-alapveto-zoldteto-karbantartas-osszel\/","url":"https:\/\/diadem.com\/hu\/keszulj-fel-vedd-meg-orizd-meg-alapveto-zoldteto-karbantartas-osszel\/","name":"K\u00e9sz\u00fclj fel, v\u00e9dd meg, \u0151rizd meg! Alapvet\u0151 z\u00f6ldtet\u0151 karbantart\u00e1s \u0151sszel - Diadem","isPartOf":{"@id":"https:\/\/diadem.com\/hu\/#website"},"primaryImageOfPage":{"@id":"https:\/\/diadem.com\/hu\/keszulj-fel-vedd-meg-orizd-meg-alapveto-zoldteto-karbantartas-osszel\/#primaryimage"},"image":{"@id":"https:\/\/diadem.com\/hu\/keszulj-fel-vedd-meg-orizd-meg-alapveto-zoldteto-karbantartas-osszel\/#primaryimage"},"thumbnailUrl":"https:\/\/diadem.com\/wp-content\/uploads\/2024\/10\/Diadem1.jpg","datePublished":"2024-10-23T11:41:27+00:00","dateModified":"2025-03-12T10:13:40+00:00","breadcrumb":{"@id":"https:\/\/diadem.com\/hu\/keszulj-fel-vedd-meg-orizd-meg-alapveto-zoldteto-karbantartas-osszel\/#breadcrumb"},"inLanguage":"hu","potentialAction":[{"@type":"ReadAction","target":["https:\/\/diadem.com\/hu\/keszulj-fel-vedd-meg-orizd-meg-alapveto-zoldteto-karbantartas-osszel\/"]}]},{"@type":"ImageObject","inLanguage":"hu","@id":"https:\/\/diadem.com\/hu\/keszulj-fel-vedd-meg-orizd-meg-alapveto-zoldteto-karbantartas-osszel\/#primaryimage","url":"https:\/\/diadem.com\/wp-content\/uploads\/2024\/10\/Diadem1.jpg","contentUrl":"https:\/\/diadem.com\/wp-content\/uploads\/2024\/10\/Diadem1.jpg","width":543,"height":362},{"@type":"BreadcrumbList","@id":"https:\/\/diadem.com\/hu\/keszulj-fel-vedd-meg-orizd-meg-alapveto-zoldteto-karbantartas-osszel\/#breadcrumb","itemListElement":[{"@type":"ListItem","position":1,"name":"Home","item":"https:\/\/diadem.com\/hu\/"},{"@type":"ListItem","position":2,"name":"K\u00e9sz\u00fclj fel, v\u00e9dd meg, \u0151rizd meg! Alapvet\u0151 z\u00f6ldtet\u0151 karbantart\u00e1s \u0151sszel"}]},{"@type":"WebSite","@id":"https:\/\/diadem.com\/hu\/#website","url":"https:\/\/diadem.com\/hu\/","name":"Diadem","description":"Green Up The Roof!","publisher":{"@id":"https:\/\/diadem.com\/hu\/#organization"},"potentialAction":[{"@type":"SearchAction","target":{"@type":"EntryPoint","urlTemplate":"https:\/\/diadem.com\/hu\/?s={search_term_string}"},"query-input":{"@type":"PropertyValueSpecification","valueRequired":true,"valueName":"search_term_string"}}],"inLanguage":"hu"},{"@type":"Organization","@id":"https:\/\/diadem.com\/hu\/#organization","name":"Diadem","url":"https:\/\/diadem.com\/hu\/","logo":{"@type":"ImageObject","inLanguage":"hu","@id":"https:\/\/diadem.com\/hu\/#\/schema\/logo\/image\/","url":"https:\/\/diadem.com\/wp-content\/uploads\/2020\/11\/2.png","contentUrl":"https:\/\/diadem.com\/wp-content\/uploads\/2020\/11\/2.png","width":1920,"height":1080,"caption":"Diadem"},"image":{"@id":"https:\/\/diadem.com\/hu\/#\/schema\/logo\/image\/"},"sameAs":["https:\/\/www.facebook.com\/diadem.greenroof"]},{"@type":"Person","@id":"https:\/\/diadem.com\/hu\/#\/schema\/person\/5e99a76faf393229149cdbfcad4d4720","name":"diadem","image":{"@type":"ImageObject","inLanguage":"hu","@id":"https:\/\/secure.gravatar.com\/avatar\/8a1a94944e0cc6a0cca09428471ef768ffc322cc0dbed69bfee50c4ea01f5ac6?s=96&d=mm&r=g","url":"https:\/\/secure.gravatar.com\/avatar\/8a1a94944e0cc6a0cca09428471ef768ffc322cc0dbed69bfee50c4ea01f5ac6?s=96&d=mm&r=g","contentUrl":"https:\/\/secure.gravatar.com\/avatar\/8a1a94944e0cc6a0cca09428471ef768ffc322cc0dbed69bfee50c4ea01f5ac6?s=96&d=mm&r=g","caption":"diadem"},"sameAs":["http:\/\/diadem.com"],"url":"https:\/\/diadem.com\/hu\/author\/diadem\/"}]}},"_links":{"self":[{"href":"https:\/\/diadem.com\/hu\/wp-json\/wp\/v2\/posts\/104131","targetHints":{"allow":["GET"]}}],"collection":[{"href":"https:\/\/diadem.com\/hu\/wp-json\/wp\/v2\/posts"}],"about":[{"href":"https:\/\/diadem.com\/hu\/wp-json\/wp\/v2\/types\/post"}],"author":[{"embeddable":true,"href":"https:\/\/diadem.com\/hu\/wp-json\/wp\/v2\/users\/1"}],"replies":[{"embeddable":true,"href":"https:\/\/diadem.com\/hu\/wp-json\/wp\/v2\/comments?post=104131"}],"version-history":[{"count":8,"href":"https:\/\/diadem.com\/hu\/wp-json\/wp\/v2\/posts\/104131\/revisions"}],"predecessor-version":[{"id":107290,"href":"https:\/\/diadem.com\/hu\/wp-json\/wp\/v2\/posts\/104131\/revisions\/107290"}],"wp:featuredmedia":[{"embeddable":true,"href":"https:\/\/diadem.com\/hu\/wp-json\/wp\/v2\/media\/104111"}],"wp:attachment":[{"href":"https:\/\/diadem.com\/hu\/wp-json\/wp\/v2\/media?parent=104131"}],"wp:term":[{"taxonomy":"category","embeddable":true,"href":"https:\/\/diadem.com\/hu\/wp-json\/wp\/v2\/categories?post=104131"},{"taxonomy":"post_tag","embeddable":true,"href":"https:\/\/diadem.com\/hu\/wp-json\/wp\/v2\/tags?post=104131"}],"curies":[{"name":"wp","href":"https:\/\/api.w.org\/{rel}","templated":true}]}}