{"id":104239,"date":"2024-10-25T14:44:07","date_gmt":"2024-10-25T14:44:07","guid":{"rendered":"https:\/\/diadem.com\/2024\/10\/25\/azoldteto-piac-merete-novekvo-tendencia-a-fenntarthatosag-fele\/"},"modified":"2025-03-12T10:33:40","modified_gmt":"2025-03-12T09:33:40","slug":"azoldteto-piac-merete-novekvo-tendencia-a-fenntarthatosag-fele","status":"publish","type":"post","link":"https:\/\/diadem.com\/hu\/azoldteto-piac-merete-novekvo-tendencia-a-fenntarthatosag-fele\/","title":{"rendered":"A z\u00f6ldtet\u0151 piac m\u00e9rete: N\u00f6vekv\u0151 tendencia a fenntarthat\u00f3s\u00e1g fel\u00e9"},"content":{"rendered":"\t\t<div data-elementor-type=\"wp-post\" data-elementor-id=\"104239\" class=\"elementor elementor-104239 elementor-104225\" data-elementor-post-type=\"post\">\n\t\t\t\t\t\t<section class=\"elementor-section elementor-top-section elementor-element elementor-element-b5858ed elementor-reverse-mobile elementor-section-boxed elementor-section-height-default elementor-section-height-default\" data-id=\"b5858ed\" data-element_type=\"section\" data-e-type=\"section\">\n\t\t\t\t\t\t<div class=\"elementor-container elementor-column-gap-wider\">\n\t\t\t\t\t<div class=\"elementor-column elementor-col-100 elementor-top-column elementor-element elementor-element-129e8772\" data-id=\"129e8772\" data-element_type=\"column\" data-e-type=\"column\">\n\t\t\t<div class=\"elementor-widget-wrap elementor-element-populated\">\n\t\t\t\t\t\t<div class=\"elementor-element elementor-element-2c5f0ce elementor-widget elementor-widget-text-editor\" data-id=\"2c5f0ce\" data-element_type=\"widget\" data-e-type=\"widget\" data-widget_type=\"text-editor.default\">\n\t\t\t\t<div class=\"elementor-widget-container\">\n\t\t\t\t\t\t\t\t\t<p><span style=\"font-weight: 400;\">A z\u00f6ldtet\u0151k piaca gyorsan n\u00f6vekszik, mivel a v\u00e1rosi ter\u00fcletek egyre ink\u00e1bb el\u0151t\u00e9rbe helyezik a<br>fenntarthat\u00f3 \u00e9p\u00edt\u00e9si gyakorlatokat. A SkyQuest jelent\u00e9se szerint 2023-ban a glob\u00e1lis<br>z\u00f6ldtet\u0151-piac \u00e9rt\u00e9ke k\u00f6r\u00fclbel\u00fcl 2  <\/span><b>milli\u00e1rd eur\u00f3 volt<\/b>, <span style=\"font-weight: 400;\">\u00e9s 2030-ra v\u00e1rhat\u00f3an el\u00e9ri az<\/span> <b>5,4 milli\u00e1rd <\/b><span style=\"font-weight: 400;\">eur\u00f3t. Ez a figyelemre m\u00e9lt\u00f3 n\u00f6veked\u00e9s\u2013 13,3%-os \u00e9ves \u00f6sszetett n\u00f6veked\u00e9si r\u00e1t\u00e1val (CAGR)  <\/span><b>r\u00e1mutat <\/b><span style=\"font-weight: 400;\">a k\u00f6rnyezetbar\u00e1t megold\u00e1sok ir\u00e1nti fokoz\u00f3d\u00f3 keresletre, amelyek seg\u00edtenek kezelni az<br>urbaniz\u00e1ci\u00f3 kih\u00edv\u00e1sait<\/span><\/p>\t\t\t\t\t\t\t\t<\/div>\n\t\t\t\t<\/div>\n\t\t\t\t\t<\/div>\n\t\t<\/div>\n\t\t\t\t\t<\/div>\n\t\t<\/section>\n\t\t\t\t<section class=\"elementor-section elementor-top-section elementor-element elementor-element-ccd4303 elementor-reverse-mobile elementor-section-boxed elementor-section-height-default elementor-section-height-default\" data-id=\"ccd4303\" data-element_type=\"section\" data-e-type=\"section\">\n\t\t\t\t\t\t<div class=\"elementor-container elementor-column-gap-wider\">\n\t\t\t\t\t<div class=\"elementor-column elementor-col-100 elementor-top-column elementor-element elementor-element-23df64a\" data-id=\"23df64a\" data-element_type=\"column\" data-e-type=\"column\">\n\t\t\t<div class=\"elementor-widget-wrap elementor-element-populated\">\n\t\t\t\t\t\t<div class=\"elementor-element elementor-element-c957e02 elementor-widget elementor-widget-image\" data-id=\"c957e02\" data-element_type=\"widget\" data-e-type=\"widget\" data-widget_type=\"image.default\">\n\t\t\t\t<div class=\"elementor-widget-container\">\n\t\t\t\t\t\t\t\t\t\t\t\t\t\t\t<img fetchpriority=\"high\" decoding=\"async\" width=\"768\" height=\"432\" src=\"https:\/\/diadem.com\/wp-content\/uploads\/2024\/10\/2-768x432.png\" class=\"attachment-medium_large size-medium_large wp-image-104231\" alt=\"\" srcset=\"https:\/\/diadem.com\/wp-content\/uploads\/2024\/10\/2-768x432.png 768w, https:\/\/diadem.com\/wp-content\/uploads\/2024\/10\/2-300x169.png 300w, https:\/\/diadem.com\/wp-content\/uploads\/2024\/10\/2-1024x576.png 1024w, https:\/\/diadem.com\/wp-content\/uploads\/2024\/10\/2-1536x864.png 1536w, https:\/\/diadem.com\/wp-content\/uploads\/2024\/10\/2.png 1920w\" sizes=\"(max-width: 768px) 100vw, 768px\" \/>\t\t\t\t\t\t\t\t\t\t\t\t\t\t\t<\/div>\n\t\t\t\t<\/div>\n\t\t\t\t<div class=\"elementor-element elementor-element-14a87dd elementor-widget elementor-widget-text-editor\" data-id=\"14a87dd\" data-element_type=\"widget\" data-e-type=\"widget\" data-widget_type=\"text-editor.default\">\n\t\t\t\t<div class=\"elementor-widget-container\">\n\t\t\t\t\t\t\t\t\t<p><i><span style=\"font-weight: 400;\">K\u00e9p forr\u00e1sa: Ilya Ivanov<\/span><\/i><\/p>\t\t\t\t\t\t\t\t<\/div>\n\t\t\t\t<\/div>\n\t\t\t\t<div class=\"elementor-element elementor-element-53d76db elementor-widget elementor-widget-text-editor\" data-id=\"53d76db\" data-element_type=\"widget\" data-e-type=\"widget\" data-widget_type=\"text-editor.default\">\n\t\t\t\t<div class=\"elementor-widget-container\">\n\t\t\t\t\t\t\t\t\t<p><b>A piac n\u00f6veked\u00e9s\u00e9nek mozgat\u00f3rug\u00f3i<\/b><\/p>\t\t\t\t\t\t\t\t<\/div>\n\t\t\t\t<\/div>\n\t\t\t\t<div class=\"elementor-element elementor-element-2ef84fa elementor-widget elementor-widget-text-editor\" data-id=\"2ef84fa\" data-element_type=\"widget\" data-e-type=\"widget\" data-widget_type=\"text-editor.default\">\n\t\t\t\t<div class=\"elementor-widget-container\">\n\t\t\t\t\t\t\t\t\t<p><span style=\"font-weight: 400;\">Ezt a jelent\u0151s piaci n\u00f6veked\u00e9st sz\u00e1mos t\u00e9nyez\u0151 \u00f6szt\u00f6nzi. Vil\u00e1gszerte egyre t\u00f6bb korm\u00e1ny vezet<br>be szab\u00e1lyoz\u00e1st \u00e9s k\u00edn\u00e1l \u00f6szt\u00f6nz\u0151ket a fenntarthat\u00f3 \u00e9p\u00edtkez\u00e9sek el\u0151mozd\u00edt\u00e1s\u00e1ra, amelybe a z\u00f6ldtet\u0151k<br>is beletartoznak. Ezek a rendszerek sz\u00e1mos el\u0151nyt ny\u00fajtanak,   <\/span>p\u00e9ld\u00e1ul az <b>energiahat\u00e9konys\u00e1g<br>jav\u00edt\u00e1s\u00e1t<\/b><span style=\"font-weight: 400;\">, <\/span><b>a csapad\u00e9kv\u00edz kezel\u00e9s\u00e9t <\/b><span style=\"font-weight: 400;\">\u00e9s a v\u00e1rosi h\u0151szigetek m\u00e9rs\u00e9kl\u00e9s\u00e9t. Mindezek az el\u0151ny\u00f6k a<br>z\u00f6ldtet\u0151ket a k\u00f6rnyezeti ellen\u00e1ll\u00f3 k\u00e9pess\u00e9gre t\u00f6rekv\u0151 v\u00e1rosok kulcsfontoss\u00e1g\u00fa elem\u00e9v\u00e9 teszik <\/span><\/p>\t\t\t\t\t\t\t\t<\/div>\n\t\t\t\t<\/div>\n\t\t\t\t<div class=\"elementor-element elementor-element-7ae1266 elementor-widget elementor-widget-text-editor\" data-id=\"7ae1266\" data-element_type=\"widget\" data-e-type=\"widget\" data-widget_type=\"text-editor.default\">\n\t\t\t\t<div class=\"elementor-widget-container\">\n\t\t\t\t\t\t\t\t\t<p><b>A z\u00f6ldtet\u0151 rendszerek t\u00edpusai<\/b><\/p><p><span style=\"font-weight: 400;\">A z\u00f6ldtet\u0151k k\u00fcl\u00f6nb\u00f6z\u0151 t\u00edpusokra oszthat\u00f3k, amelyek k\u00f6z\u00fcl a legelterjedtebbek <\/span><b>az extenz\u00edv<\/b> <span style=\"font-weight: 400;\">\u00e9s az<\/span><br><b>intenz\u00edv rendszerek.<\/b><span style=\"font-weight: 400;\"> Az extenz\u00edv z\u00f6ldtet\u0151k k\u00f6nny\u0171, alacsony karbantart\u00e1si ig\u00e9ny\u0171 megold\u00e1sok,<br> amelyek nagyobb, s\u00edk ter\u00fcletekre ide\u00e1lisak. Ezek kiv\u00e1l\u00f3an alkalmasak olyan \u00e9p\u00fcletek sz\u00e1m\u00e1ra,<br> amelyek a k\u00f6rnyezeti el\u0151ny\u00f6ket rendszeres karbantart\u00e1s n\u00e9lk\u00fcl k\u00edv\u00e1nj\u00e1k el\u00e9rni.   <\/span><\/p>\t\t\t\t\t\t\t\t<\/div>\n\t\t\t\t<\/div>\n\t\t\t\t<div class=\"elementor-element elementor-element-30960e6 elementor-widget elementor-widget-image\" data-id=\"30960e6\" data-element_type=\"widget\" data-e-type=\"widget\" data-widget_type=\"image.default\">\n\t\t\t\t<div class=\"elementor-widget-container\">\n\t\t\t\t\t\t\t\t\t\t\t\t\t\t\t<img decoding=\"async\" width=\"1024\" height=\"576\" src=\"https:\/\/diadem.com\/wp-content\/uploads\/2024\/10\/3-1024x576.png\" class=\"attachment-large size-large wp-image-104234\" alt=\"\" srcset=\"https:\/\/diadem.com\/wp-content\/uploads\/2024\/10\/3-1024x576.png 1024w, https:\/\/diadem.com\/wp-content\/uploads\/2024\/10\/3-300x169.png 300w, https:\/\/diadem.com\/wp-content\/uploads\/2024\/10\/3-768x432.png 768w, https:\/\/diadem.com\/wp-content\/uploads\/2024\/10\/3-1536x864.png 1536w, https:\/\/diadem.com\/wp-content\/uploads\/2024\/10\/3.png 1920w\" sizes=\"(max-width: 1024px) 100vw, 1024px\" \/>\t\t\t\t\t\t\t\t\t\t\t\t\t\t\t<\/div>\n\t\t\t\t<\/div>\n\t\t\t\t<div class=\"elementor-element elementor-element-da1bffc elementor-widget elementor-widget-text-editor\" data-id=\"da1bffc\" data-element_type=\"widget\" data-e-type=\"widget\" data-widget_type=\"text-editor.default\">\n\t\t\t\t<div class=\"elementor-widget-container\">\n\t\t\t\t\t\t\t\t\t<p><i><span style=\"font-weight: 400;\">K\u00e9p forr\u00e1sa: Athens College HAEF and Giuseppe Liverino<\/span><\/i><\/p>\t\t\t\t\t\t\t\t<\/div>\n\t\t\t\t<\/div>\n\t\t\t\t<div class=\"elementor-element elementor-element-01af456 elementor-widget elementor-widget-text-editor\" data-id=\"01af456\" data-element_type=\"widget\" data-e-type=\"widget\" data-widget_type=\"text-editor.default\">\n\t\t\t\t<div class=\"elementor-widget-container\">\n\t\t\t\t\t\t\t\t\t<p><span style=\"font-weight: 400;\">M\u00e1sr\u00e9szt az intenz\u00edv z\u00f6ldtet\u0151k k\u00e9pesek bonyolultabb n\u00f6v\u00e9nyzet megtart\u00e1s\u00e1ra, bele\u00e9rtve a f\u00e1kat<br> \u00e9s cserj\u00e9ket is. Ezek a rendszerek nehezebbek, t\u00f6bb karbantart\u00e1st ig\u00e9nyelnek, \u00e9s jellemz\u0151en<br> olyan \u00e9p\u00fcleteken alkalmazz\u00e1k \u0151ket, ahol fontos az eszt\u00e9tika \u00e9s a tet\u0151 hozz\u00e1f\u00e9rhet\u0151s\u00e9ge. <\/span><\/p>\t\t\t\t\t\t\t\t<\/div>\n\t\t\t\t<\/div>\n\t\t\t\t\t<\/div>\n\t\t<\/div>\n\t\t\t\t\t<\/div>\n\t\t<\/section>\n\t\t\t\t<section class=\"elementor-section elementor-top-section elementor-element elementor-element-b71c01c elementor-reverse-mobile elementor-section-boxed elementor-section-height-default elementor-section-height-default\" data-id=\"b71c01c\" data-element_type=\"section\" data-e-type=\"section\">\n\t\t\t\t\t\t<div class=\"elementor-container elementor-column-gap-wider\">\n\t\t\t\t\t<div class=\"elementor-column elementor-col-100 elementor-top-column elementor-element elementor-element-2cb397f\" data-id=\"2cb397f\" data-element_type=\"column\" data-e-type=\"column\">\n\t\t\t<div class=\"elementor-widget-wrap elementor-element-populated\">\n\t\t\t\t\t\t<div class=\"elementor-element elementor-element-5828d86 elementor-widget elementor-widget-text-editor\" data-id=\"5828d86\" data-element_type=\"widget\" data-e-type=\"widget\" data-widget_type=\"text-editor.default\">\n\t\t\t\t<div class=\"elementor-widget-container\">\n\t\t\t\t\t\t\t\t\t<p><b>Innov\u00e1ci\u00f3k a z\u00f6ldtet\u0151-technol\u00f3gi\u00e1ban<br><\/b><span style=\"font-weight: 400;\">A technol\u00f3giai fejl\u0151d\u00e9s szint\u00e9n kulcsfontoss\u00e1g\u00fa a piac n\u00f6veked\u00e9s\u00e9hez. <\/span> <\/p><p><b>Az intelligens \u00f6nt\u00f6z\u0151rendszerek<\/b><span style=\"font-weight: 400;\"> \u00e9s a tov\u00e1bbfejlesztett aljzat technol\u00f3gi\u00e1k megk\u00f6nny\u00edtik \u00e9s<br> k\u00f6lts\u00e9ghat\u00e9konyabb\u00e1 teszik a z\u00f6ldtet\u0151k telep\u00edt\u00e9s\u00e9t \u00e9s karbantart\u00e1s\u00e1t. Ezek az innov\u00e1ci\u00f3k<br> optimaliz\u00e1lj\u00e1k a v\u00edzfelhaszn\u00e1l\u00e1st, cs\u00f6kkentik a karbantart\u00e1si k\u00f6lts\u00e9geket, \u00e9s jav\u00edtj\u00e1k a z\u00f6ld<br> infrastruktur\u00e1lis projektek \u00e1ltal\u00e1nos fenntarthat\u00f3s\u00e1g\u00e1t.  <\/span><\/p><p><span style=\"font-weight: 400;\">Mindez a z\u00f6ldtet\u0151ket \u00e9letk\u00e9pes megold\u00e1ss\u00e1 teszi mind a kereskedelmi, mind a lak\u00f3\u00e9p\u00fcletek<br> sz\u00e1m\u00e1ra.<\/span><\/p><p><b>A z\u00f6ldtet\u0151-piac j\u00f6v\u0151je<br><\/b><span style=\"font-weight: 400;\">Ahogy egyre t\u00f6bb v\u00e1llalat \u00e9s korm\u00e1ny felismeri a z\u00f6ldtet\u0151k hossz\u00fa t\u00e1v\u00fa \u00e9rt\u00e9k\u00e9t, a piac v\u00e1rhat\u00f3an<br>tov\u00e1bbra is emelked\u0151 tendenci\u00e1t mutat majd. A k\u00f6rnyezeti el\u0151ny\u00f6k mellett a z\u00f6ldtet\u0151kre egyre<br>ink\u00e1bb \u00fagy tekintenek, mint a v\u00e1rosi terek n\u00f6vel\u00e9s\u00e9nek, a leveg\u0151min\u0151s\u00e9g jav\u00edt\u00e1s\u00e1nak \u00e9s<br>fenntarthat\u00f3bb v\u00e1rosok kialak\u00edt\u00e1s\u00e1nak eszk\u00f6z\u00e9re. A n\u00f6vekv\u0151 tudatoss\u00e1g \u00e9s a folyamatos<br>technol\u00f3giai fejl\u0151d\u00e9s hat\u00e1s\u00e1ra a z\u00f6ldtet\u0151-piac j\u00f6v\u0151je \u00edg\u00e9retesnek mutatkozik.  <\/span><\/p><p><span style=\"font-weight: 400;\">A z\u00f6ldtet\u0151 ipar\u00e1g nem csup\u00e1n egy trend, hanem egyre ink\u00e1bb a megold\u00e1s r\u00e9sz\u00e9v\u00e9 v\u00e1lik a v\u00e1rosokat \u00e9rint\u0151 sz\u00e1mos k\u00f6rnyezeti kih\u00edv\u00e1sra. <\/span><\/p><p><span style=\"font-weight: 400;\">Egy\u00e9rtelm\u0171, hogy a z\u00f6ldtet\u0151kbe t\u00f6rt\u00e9n\u0151 beruh\u00e1z\u00e1sok a v\u00e1rosi t\u00e1jak fenntarthat\u00f3bb \u00e9s ellen\u00e1ll\u00f3bb j\u00f6v\u0151j\u00e9t alapozz\u00e1k meg.<\/span><\/p>\t\t\t\t\t\t\t\t<\/div>\n\t\t\t\t<\/div>\n\t\t\t\t<div class=\"elementor-element elementor-element-ea343b1 elementor-widget elementor-widget-spacer\" data-id=\"ea343b1\" data-element_type=\"widget\" data-e-type=\"widget\" data-widget_type=\"spacer.default\">\n\t\t\t\t<div class=\"elementor-widget-container\">\n\t\t\t\t\t\t\t<div class=\"elementor-spacer\">\n\t\t\t<div class=\"elementor-spacer-inner\"><\/div>\n\t\t<\/div>\n\t\t\t\t\t\t<\/div>\n\t\t\t\t<\/div>\n\t\t\t\t\t<\/div>\n\t\t<\/div>\n\t\t\t\t\t<\/div>\n\t\t<\/section>\n\t\t\t\t<\/div>\n\t\t","protected":false},"excerpt":{"rendered":"<p>A z\u00f6ldtet\u0151k piaca gyorsan n\u00f6vekszik, mivel a v\u00e1rosi ter\u00fcletek egyre ink\u00e1bb el\u0151t\u00e9rbe helyezik a fenntarthat\u00f3 \u00e9p\u00edt\u00e9si gyakorlatokat.<\/p>\n","protected":false},"author":1,"featured_media":104228,"comment_status":"open","ping_status":"open","sticky":false,"template":"","format":"standard","meta":{"_acf_changed":false,"footnotes":""},"categories":[394],"tags":[],"class_list":["post-104239","post","type-post","status-publish","format-standard","has-post-thumbnail","hentry","category-diadem-hu"],"acf":[],"yoast_head":"<!-- This site is optimized with the Yoast SEO Premium plugin v27.3 (Yoast SEO v27.3) - https:\/\/yoast.com\/product\/yoast-seo-premium-wordpress\/ -->\n<title>A z\u00f6ldtet\u0151 piac m\u00e9rete: N\u00f6vekv\u0151 tendencia a fenntarthat\u00f3s\u00e1g fel\u00e9 - Diadem<\/title>\n<meta name=\"robots\" content=\"index, follow, max-snippet:-1, max-image-preview:large, max-video-preview:-1\" \/>\n<link rel=\"canonical\" href=\"https:\/\/diadem.com\/hu\/azoldteto-piac-merete-novekvo-tendencia-a-fenntarthatosag-fele\/\" \/>\n<meta property=\"og:locale\" content=\"hu_HU\" \/>\n<meta property=\"og:type\" content=\"article\" \/>\n<meta property=\"og:title\" content=\"A z\u00f6ldtet\u0151 piac m\u00e9rete: N\u00f6vekv\u0151 tendencia a fenntarthat\u00f3s\u00e1g fel\u00e9\" \/>\n<meta property=\"og:description\" content=\"A z\u00f6ldtet\u0151k piaca gyorsan n\u00f6vekszik, mivel a v\u00e1rosi ter\u00fcletek egyre ink\u00e1bb el\u0151t\u00e9rbe helyezik a fenntarthat\u00f3 \u00e9p\u00edt\u00e9si gyakorlatokat.\" \/>\n<meta property=\"og:url\" content=\"https:\/\/diadem.com\/hu\/azoldteto-piac-merete-novekvo-tendencia-a-fenntarthatosag-fele\/\" \/>\n<meta property=\"og:site_name\" content=\"Diadem\" \/>\n<meta property=\"article:publisher\" content=\"https:\/\/www.facebook.com\/diadem.greenroof\" \/>\n<meta property=\"article:published_time\" content=\"2024-10-25T14:44:07+00:00\" \/>\n<meta property=\"article:modified_time\" content=\"2025-03-12T09:33:40+00:00\" \/>\n<meta property=\"og:image\" content=\"https:\/\/diadem.com\/wp-content\/uploads\/2024\/10\/1-1.png\" \/>\n\t<meta property=\"og:image:width\" content=\"1920\" \/>\n\t<meta property=\"og:image:height\" content=\"1080\" \/>\n\t<meta property=\"og:image:type\" content=\"image\/png\" \/>\n<meta name=\"author\" content=\"diadem\" \/>\n<meta name=\"twitter:card\" content=\"summary_large_image\" \/>\n<meta name=\"twitter:label1\" content=\"Szerz\u0151:\" \/>\n\t<meta name=\"twitter:data1\" content=\"diadem\" \/>\n\t<meta name=\"twitter:label2\" content=\"Becs\u00fclt olvas\u00e1si id\u0151\" \/>\n\t<meta name=\"twitter:data2\" content=\"3 perc\" \/>\n<script type=\"application\/ld+json\" class=\"yoast-schema-graph\">{\"@context\":\"https:\\\/\\\/schema.org\",\"@graph\":[{\"@type\":\"Article\",\"@id\":\"https:\\\/\\\/diadem.com\\\/hu\\\/azoldteto-piac-merete-novekvo-tendencia-a-fenntarthatosag-fele\\\/#article\",\"isPartOf\":{\"@id\":\"https:\\\/\\\/diadem.com\\\/hu\\\/azoldteto-piac-merete-novekvo-tendencia-a-fenntarthatosag-fele\\\/\"},\"author\":{\"name\":\"diadem\",\"@id\":\"https:\\\/\\\/diadem.com\\\/hu\\\/#\\\/schema\\\/person\\\/5e99a76faf393229149cdbfcad4d4720\"},\"headline\":\"A z\u00f6ldtet\u0151 piac m\u00e9rete: N\u00f6vekv\u0151 tendencia a fenntarthat\u00f3s\u00e1g fel\u00e9\",\"datePublished\":\"2024-10-25T14:44:07+00:00\",\"dateModified\":\"2025-03-12T09:33:40+00:00\",\"mainEntityOfPage\":{\"@id\":\"https:\\\/\\\/diadem.com\\\/hu\\\/azoldteto-piac-merete-novekvo-tendencia-a-fenntarthatosag-fele\\\/\"},\"wordCount\":681,\"commentCount\":0,\"publisher\":{\"@id\":\"https:\\\/\\\/diadem.com\\\/hu\\\/#organization\"},\"image\":{\"@id\":\"https:\\\/\\\/diadem.com\\\/hu\\\/azoldteto-piac-merete-novekvo-tendencia-a-fenntarthatosag-fele\\\/#primaryimage\"},\"thumbnailUrl\":\"https:\\\/\\\/diadem.com\\\/wp-content\\\/uploads\\\/2024\\\/10\\\/1-1.png\",\"articleSection\":[\"Diadem\"],\"inLanguage\":\"hu\",\"potentialAction\":[{\"@type\":\"CommentAction\",\"name\":\"Comment\",\"target\":[\"https:\\\/\\\/diadem.com\\\/hu\\\/azoldteto-piac-merete-novekvo-tendencia-a-fenntarthatosag-fele\\\/#respond\"]}]},{\"@type\":\"WebPage\",\"@id\":\"https:\\\/\\\/diadem.com\\\/hu\\\/azoldteto-piac-merete-novekvo-tendencia-a-fenntarthatosag-fele\\\/\",\"url\":\"https:\\\/\\\/diadem.com\\\/hu\\\/azoldteto-piac-merete-novekvo-tendencia-a-fenntarthatosag-fele\\\/\",\"name\":\"A z\u00f6ldtet\u0151 piac m\u00e9rete: N\u00f6vekv\u0151 tendencia a fenntarthat\u00f3s\u00e1g fel\u00e9 - Diadem\",\"isPartOf\":{\"@id\":\"https:\\\/\\\/diadem.com\\\/hu\\\/#website\"},\"primaryImageOfPage\":{\"@id\":\"https:\\\/\\\/diadem.com\\\/hu\\\/azoldteto-piac-merete-novekvo-tendencia-a-fenntarthatosag-fele\\\/#primaryimage\"},\"image\":{\"@id\":\"https:\\\/\\\/diadem.com\\\/hu\\\/azoldteto-piac-merete-novekvo-tendencia-a-fenntarthatosag-fele\\\/#primaryimage\"},\"thumbnailUrl\":\"https:\\\/\\\/diadem.com\\\/wp-content\\\/uploads\\\/2024\\\/10\\\/1-1.png\",\"datePublished\":\"2024-10-25T14:44:07+00:00\",\"dateModified\":\"2025-03-12T09:33:40+00:00\",\"breadcrumb\":{\"@id\":\"https:\\\/\\\/diadem.com\\\/hu\\\/azoldteto-piac-merete-novekvo-tendencia-a-fenntarthatosag-fele\\\/#breadcrumb\"},\"inLanguage\":\"hu\",\"potentialAction\":[{\"@type\":\"ReadAction\",\"target\":[\"https:\\\/\\\/diadem.com\\\/hu\\\/azoldteto-piac-merete-novekvo-tendencia-a-fenntarthatosag-fele\\\/\"]}]},{\"@type\":\"ImageObject\",\"inLanguage\":\"hu\",\"@id\":\"https:\\\/\\\/diadem.com\\\/hu\\\/azoldteto-piac-merete-novekvo-tendencia-a-fenntarthatosag-fele\\\/#primaryimage\",\"url\":\"https:\\\/\\\/diadem.com\\\/wp-content\\\/uploads\\\/2024\\\/10\\\/1-1.png\",\"contentUrl\":\"https:\\\/\\\/diadem.com\\\/wp-content\\\/uploads\\\/2024\\\/10\\\/1-1.png\",\"width\":1920,\"height\":1080},{\"@type\":\"BreadcrumbList\",\"@id\":\"https:\\\/\\\/diadem.com\\\/hu\\\/azoldteto-piac-merete-novekvo-tendencia-a-fenntarthatosag-fele\\\/#breadcrumb\",\"itemListElement\":[{\"@type\":\"ListItem\",\"position\":1,\"name\":\"Home\",\"item\":\"https:\\\/\\\/diadem.com\\\/hu\\\/\"},{\"@type\":\"ListItem\",\"position\":2,\"name\":\"A z\u00f6ldtet\u0151 piac m\u00e9rete: N\u00f6vekv\u0151 tendencia a fenntarthat\u00f3s\u00e1g fel\u00e9\"}]},{\"@type\":\"WebSite\",\"@id\":\"https:\\\/\\\/diadem.com\\\/hu\\\/#website\",\"url\":\"https:\\\/\\\/diadem.com\\\/hu\\\/\",\"name\":\"Diadem\",\"description\":\"Green Up The Roof!\",\"publisher\":{\"@id\":\"https:\\\/\\\/diadem.com\\\/hu\\\/#organization\"},\"potentialAction\":[{\"@type\":\"SearchAction\",\"target\":{\"@type\":\"EntryPoint\",\"urlTemplate\":\"https:\\\/\\\/diadem.com\\\/hu\\\/?s={search_term_string}\"},\"query-input\":{\"@type\":\"PropertyValueSpecification\",\"valueRequired\":true,\"valueName\":\"search_term_string\"}}],\"inLanguage\":\"hu\"},{\"@type\":\"Organization\",\"@id\":\"https:\\\/\\\/diadem.com\\\/hu\\\/#organization\",\"name\":\"Diadem\",\"url\":\"https:\\\/\\\/diadem.com\\\/hu\\\/\",\"logo\":{\"@type\":\"ImageObject\",\"inLanguage\":\"hu\",\"@id\":\"https:\\\/\\\/diadem.com\\\/hu\\\/#\\\/schema\\\/logo\\\/image\\\/\",\"url\":\"https:\\\/\\\/diadem.com\\\/wp-content\\\/uploads\\\/2020\\\/11\\\/2.png\",\"contentUrl\":\"https:\\\/\\\/diadem.com\\\/wp-content\\\/uploads\\\/2020\\\/11\\\/2.png\",\"width\":1920,\"height\":1080,\"caption\":\"Diadem\"},\"image\":{\"@id\":\"https:\\\/\\\/diadem.com\\\/hu\\\/#\\\/schema\\\/logo\\\/image\\\/\"},\"sameAs\":[\"https:\\\/\\\/www.facebook.com\\\/diadem.greenroof\"]},{\"@type\":\"Person\",\"@id\":\"https:\\\/\\\/diadem.com\\\/hu\\\/#\\\/schema\\\/person\\\/5e99a76faf393229149cdbfcad4d4720\",\"name\":\"diadem\",\"image\":{\"@type\":\"ImageObject\",\"inLanguage\":\"hu\",\"@id\":\"https:\\\/\\\/secure.gravatar.com\\\/avatar\\\/8a1a94944e0cc6a0cca09428471ef768ffc322cc0dbed69bfee50c4ea01f5ac6?s=96&d=mm&r=g\",\"url\":\"https:\\\/\\\/secure.gravatar.com\\\/avatar\\\/8a1a94944e0cc6a0cca09428471ef768ffc322cc0dbed69bfee50c4ea01f5ac6?s=96&d=mm&r=g\",\"contentUrl\":\"https:\\\/\\\/secure.gravatar.com\\\/avatar\\\/8a1a94944e0cc6a0cca09428471ef768ffc322cc0dbed69bfee50c4ea01f5ac6?s=96&d=mm&r=g\",\"caption\":\"diadem\"},\"sameAs\":[\"http:\\\/\\\/diadem.com\"],\"url\":\"https:\\\/\\\/diadem.com\\\/hu\\\/author\\\/diadem\\\/\"}]}<\/script>\n<!-- \/ Yoast SEO Premium plugin. -->","yoast_head_json":{"title":"A z\u00f6ldtet\u0151 piac m\u00e9rete: N\u00f6vekv\u0151 tendencia a fenntarthat\u00f3s\u00e1g fel\u00e9 - Diadem","robots":{"index":"index","follow":"follow","max-snippet":"max-snippet:-1","max-image-preview":"max-image-preview:large","max-video-preview":"max-video-preview:-1"},"canonical":"https:\/\/diadem.com\/hu\/azoldteto-piac-merete-novekvo-tendencia-a-fenntarthatosag-fele\/","og_locale":"hu_HU","og_type":"article","og_title":"A z\u00f6ldtet\u0151 piac m\u00e9rete: N\u00f6vekv\u0151 tendencia a fenntarthat\u00f3s\u00e1g fel\u00e9","og_description":"A z\u00f6ldtet\u0151k piaca gyorsan n\u00f6vekszik, mivel a v\u00e1rosi ter\u00fcletek egyre ink\u00e1bb el\u0151t\u00e9rbe helyezik a fenntarthat\u00f3 \u00e9p\u00edt\u00e9si gyakorlatokat.","og_url":"https:\/\/diadem.com\/hu\/azoldteto-piac-merete-novekvo-tendencia-a-fenntarthatosag-fele\/","og_site_name":"Diadem","article_publisher":"https:\/\/www.facebook.com\/diadem.greenroof","article_published_time":"2024-10-25T14:44:07+00:00","article_modified_time":"2025-03-12T09:33:40+00:00","og_image":[{"width":1920,"height":1080,"url":"https:\/\/diadem.com\/wp-content\/uploads\/2024\/10\/1-1.png","type":"image\/png"}],"author":"diadem","twitter_card":"summary_large_image","twitter_misc":{"Szerz\u0151:":"diadem","Becs\u00fclt olvas\u00e1si id\u0151":"3 perc"},"schema":{"@context":"https:\/\/schema.org","@graph":[{"@type":"Article","@id":"https:\/\/diadem.com\/hu\/azoldteto-piac-merete-novekvo-tendencia-a-fenntarthatosag-fele\/#article","isPartOf":{"@id":"https:\/\/diadem.com\/hu\/azoldteto-piac-merete-novekvo-tendencia-a-fenntarthatosag-fele\/"},"author":{"name":"diadem","@id":"https:\/\/diadem.com\/hu\/#\/schema\/person\/5e99a76faf393229149cdbfcad4d4720"},"headline":"A z\u00f6ldtet\u0151 piac m\u00e9rete: N\u00f6vekv\u0151 tendencia a fenntarthat\u00f3s\u00e1g fel\u00e9","datePublished":"2024-10-25T14:44:07+00:00","dateModified":"2025-03-12T09:33:40+00:00","mainEntityOfPage":{"@id":"https:\/\/diadem.com\/hu\/azoldteto-piac-merete-novekvo-tendencia-a-fenntarthatosag-fele\/"},"wordCount":681,"commentCount":0,"publisher":{"@id":"https:\/\/diadem.com\/hu\/#organization"},"image":{"@id":"https:\/\/diadem.com\/hu\/azoldteto-piac-merete-novekvo-tendencia-a-fenntarthatosag-fele\/#primaryimage"},"thumbnailUrl":"https:\/\/diadem.com\/wp-content\/uploads\/2024\/10\/1-1.png","articleSection":["Diadem"],"inLanguage":"hu","potentialAction":[{"@type":"CommentAction","name":"Comment","target":["https:\/\/diadem.com\/hu\/azoldteto-piac-merete-novekvo-tendencia-a-fenntarthatosag-fele\/#respond"]}]},{"@type":"WebPage","@id":"https:\/\/diadem.com\/hu\/azoldteto-piac-merete-novekvo-tendencia-a-fenntarthatosag-fele\/","url":"https:\/\/diadem.com\/hu\/azoldteto-piac-merete-novekvo-tendencia-a-fenntarthatosag-fele\/","name":"A z\u00f6ldtet\u0151 piac m\u00e9rete: N\u00f6vekv\u0151 tendencia a fenntarthat\u00f3s\u00e1g fel\u00e9 - Diadem","isPartOf":{"@id":"https:\/\/diadem.com\/hu\/#website"},"primaryImageOfPage":{"@id":"https:\/\/diadem.com\/hu\/azoldteto-piac-merete-novekvo-tendencia-a-fenntarthatosag-fele\/#primaryimage"},"image":{"@id":"https:\/\/diadem.com\/hu\/azoldteto-piac-merete-novekvo-tendencia-a-fenntarthatosag-fele\/#primaryimage"},"thumbnailUrl":"https:\/\/diadem.com\/wp-content\/uploads\/2024\/10\/1-1.png","datePublished":"2024-10-25T14:44:07+00:00","dateModified":"2025-03-12T09:33:40+00:00","breadcrumb":{"@id":"https:\/\/diadem.com\/hu\/azoldteto-piac-merete-novekvo-tendencia-a-fenntarthatosag-fele\/#breadcrumb"},"inLanguage":"hu","potentialAction":[{"@type":"ReadAction","target":["https:\/\/diadem.com\/hu\/azoldteto-piac-merete-novekvo-tendencia-a-fenntarthatosag-fele\/"]}]},{"@type":"ImageObject","inLanguage":"hu","@id":"https:\/\/diadem.com\/hu\/azoldteto-piac-merete-novekvo-tendencia-a-fenntarthatosag-fele\/#primaryimage","url":"https:\/\/diadem.com\/wp-content\/uploads\/2024\/10\/1-1.png","contentUrl":"https:\/\/diadem.com\/wp-content\/uploads\/2024\/10\/1-1.png","width":1920,"height":1080},{"@type":"BreadcrumbList","@id":"https:\/\/diadem.com\/hu\/azoldteto-piac-merete-novekvo-tendencia-a-fenntarthatosag-fele\/#breadcrumb","itemListElement":[{"@type":"ListItem","position":1,"name":"Home","item":"https:\/\/diadem.com\/hu\/"},{"@type":"ListItem","position":2,"name":"A z\u00f6ldtet\u0151 piac m\u00e9rete: N\u00f6vekv\u0151 tendencia a fenntarthat\u00f3s\u00e1g fel\u00e9"}]},{"@type":"WebSite","@id":"https:\/\/diadem.com\/hu\/#website","url":"https:\/\/diadem.com\/hu\/","name":"Diadem","description":"Green Up The Roof!","publisher":{"@id":"https:\/\/diadem.com\/hu\/#organization"},"potentialAction":[{"@type":"SearchAction","target":{"@type":"EntryPoint","urlTemplate":"https:\/\/diadem.com\/hu\/?s={search_term_string}"},"query-input":{"@type":"PropertyValueSpecification","valueRequired":true,"valueName":"search_term_string"}}],"inLanguage":"hu"},{"@type":"Organization","@id":"https:\/\/diadem.com\/hu\/#organization","name":"Diadem","url":"https:\/\/diadem.com\/hu\/","logo":{"@type":"ImageObject","inLanguage":"hu","@id":"https:\/\/diadem.com\/hu\/#\/schema\/logo\/image\/","url":"https:\/\/diadem.com\/wp-content\/uploads\/2020\/11\/2.png","contentUrl":"https:\/\/diadem.com\/wp-content\/uploads\/2020\/11\/2.png","width":1920,"height":1080,"caption":"Diadem"},"image":{"@id":"https:\/\/diadem.com\/hu\/#\/schema\/logo\/image\/"},"sameAs":["https:\/\/www.facebook.com\/diadem.greenroof"]},{"@type":"Person","@id":"https:\/\/diadem.com\/hu\/#\/schema\/person\/5e99a76faf393229149cdbfcad4d4720","name":"diadem","image":{"@type":"ImageObject","inLanguage":"hu","@id":"https:\/\/secure.gravatar.com\/avatar\/8a1a94944e0cc6a0cca09428471ef768ffc322cc0dbed69bfee50c4ea01f5ac6?s=96&d=mm&r=g","url":"https:\/\/secure.gravatar.com\/avatar\/8a1a94944e0cc6a0cca09428471ef768ffc322cc0dbed69bfee50c4ea01f5ac6?s=96&d=mm&r=g","contentUrl":"https:\/\/secure.gravatar.com\/avatar\/8a1a94944e0cc6a0cca09428471ef768ffc322cc0dbed69bfee50c4ea01f5ac6?s=96&d=mm&r=g","caption":"diadem"},"sameAs":["http:\/\/diadem.com"],"url":"https:\/\/diadem.com\/hu\/author\/diadem\/"}]}},"_links":{"self":[{"href":"https:\/\/diadem.com\/hu\/wp-json\/wp\/v2\/posts\/104239","targetHints":{"allow":["GET"]}}],"collection":[{"href":"https:\/\/diadem.com\/hu\/wp-json\/wp\/v2\/posts"}],"about":[{"href":"https:\/\/diadem.com\/hu\/wp-json\/wp\/v2\/types\/post"}],"author":[{"embeddable":true,"href":"https:\/\/diadem.com\/hu\/wp-json\/wp\/v2\/users\/1"}],"replies":[{"embeddable":true,"href":"https:\/\/diadem.com\/hu\/wp-json\/wp\/v2\/comments?post=104239"}],"version-history":[{"count":19,"href":"https:\/\/diadem.com\/hu\/wp-json\/wp\/v2\/posts\/104239\/revisions"}],"predecessor-version":[{"id":107267,"href":"https:\/\/diadem.com\/hu\/wp-json\/wp\/v2\/posts\/104239\/revisions\/107267"}],"wp:featuredmedia":[{"embeddable":true,"href":"https:\/\/diadem.com\/hu\/wp-json\/wp\/v2\/media\/104228"}],"wp:attachment":[{"href":"https:\/\/diadem.com\/hu\/wp-json\/wp\/v2\/media?parent=104239"}],"wp:term":[{"taxonomy":"category","embeddable":true,"href":"https:\/\/diadem.com\/hu\/wp-json\/wp\/v2\/categories?post=104239"},{"taxonomy":"post_tag","embeddable":true,"href":"https:\/\/diadem.com\/hu\/wp-json\/wp\/v2\/tags?post=104239"}],"curies":[{"name":"wp","href":"https:\/\/api.w.org\/{rel}","templated":true}]}}