{"id":106733,"date":"2025-01-24T00:25:03","date_gmt":"2025-01-23T23:25:03","guid":{"rendered":"https:\/\/diadem.com\/a-zoldtetok-atalakito-ereje-az-iskolakban\/"},"modified":"2025-03-12T11:17:30","modified_gmt":"2025-03-12T10:17:30","slug":"a-zoldtetok-atalakito-ereje-az-iskolakban","status":"publish","type":"post","link":"https:\/\/diadem.com\/hu\/a-zoldtetok-atalakito-ereje-az-iskolakban\/","title":{"rendered":"A z\u00f6ldtet\u0151k \u00e1talak\u00edt\u00f3 ereje az iskol\u00e1kban"},"content":{"rendered":"\t\t<div data-elementor-type=\"wp-post\" data-elementor-id=\"106733\" class=\"elementor elementor-106733 elementor-106713\" data-elementor-post-type=\"post\">\n\t\t\t\t\t\t<section class=\"elementor-section elementor-top-section elementor-element elementor-element-b5858ed elementor-reverse-mobile elementor-section-boxed elementor-section-height-default elementor-section-height-default\" data-id=\"b5858ed\" data-element_type=\"section\" data-e-type=\"section\">\n\t\t\t\t\t\t<div class=\"elementor-container elementor-column-gap-wider\">\n\t\t\t\t\t<div class=\"elementor-column elementor-col-100 elementor-top-column elementor-element elementor-element-129e8772\" data-id=\"129e8772\" data-element_type=\"column\" data-e-type=\"column\">\n\t\t\t<div class=\"elementor-widget-wrap elementor-element-populated\">\n\t\t\t\t\t\t<div class=\"elementor-element elementor-element-0c7019e elementor-widget elementor-widget-text-editor\" data-id=\"0c7019e\" data-element_type=\"widget\" data-e-type=\"widget\" data-widget_type=\"text-editor.default\">\n\t\t\t\t<div class=\"elementor-widget-container\">\n\t\t\t\t\t\t\t\t\t<p><b>A z\u00f6ldtet\u0151k \u00e1talak\u00edt\u00f3 ereje az iskol\u00e1kban<\/b><\/p><p>Mi lenne, ha a tet\u0151k t\u00f6bbre lenn\u00e9nek k\u00e9pesek, mint egyszer\u0171en lefedni az \u00e9p\u00fcleteket? A z\u00f6ldtet\u0151k bizony\u00edtj\u00e1k, hogy ez lehets\u00e9ges, k\u00fcl\u00f6n\u00f6sen az iskol\u00e1k eset\u00e9ben. Ezek a tet\u0151k tanul\u00e1si, ment\u00e1lis j\u00f3ll\u00e9ti \u00e9s k\u00f6rnyezeti szempontb\u00f3l is jelent\u0151s hat\u00e1ssal b\u00edrnak.  <\/p>\t\t\t\t\t\t\t\t<\/div>\n\t\t\t\t<\/div>\n\t\t\t\t<div class=\"elementor-element elementor-element-7656e9c5 elementor-widget elementor-widget-spacer\" data-id=\"7656e9c5\" data-element_type=\"widget\" data-e-type=\"widget\" data-widget_type=\"spacer.default\">\n\t\t\t\t<div class=\"elementor-widget-container\">\n\t\t\t\t\t\t\t<div class=\"elementor-spacer\">\n\t\t\t<div class=\"elementor-spacer-inner\"><\/div>\n\t\t<\/div>\n\t\t\t\t\t\t<\/div>\n\t\t\t\t<\/div>\n\t\t\t\t<div class=\"elementor-element elementor-element-2c5f0ce elementor-widget elementor-widget-text-editor\" data-id=\"2c5f0ce\" data-element_type=\"widget\" data-e-type=\"widget\" data-widget_type=\"text-editor.default\">\n\t\t\t\t<div class=\"elementor-widget-container\">\n\t\t\t\t\t\t\t\t\t<p><b>Hogyan seg\u00edtik a z\u00f6ldtet\u0151k a di\u00e1kokat?<\/b><\/p><p>K\u00e9pzelj el egy tantermet falak n\u00e9lk\u00fcl. A z\u00f6ldtet\u0151k az egyszer\u0171 tet\u0151ket k\u00fcl\u00f6nleges szabadt\u00e9ri terekk\u00e9 alak\u00edtj\u00e1k, ahol a di\u00e1kok a term\u00e9szettudom\u00e1nyokat, a m\u0171v\u00e9szetet \u00e9s a k\u00f6rnyezetv\u00e9delmet gyakorlatiasan fedezhetik fel. Ezek a terek interakt\u00edvv\u00e1 \u00e9s sz\u00f3rakoztat\u00f3v\u00e1 teszik a tanul\u00e1st, felkeltik a k\u00edv\u00e1ncsis\u00e1got \u00e9s n\u00f6velik az elk\u00f6telez\u0151d\u00e9st.  <\/p>\t\t\t\t\t\t\t\t<\/div>\n\t\t\t\t<\/div>\n\t\t\t\t<div class=\"elementor-element elementor-element-73e8118 elementor-widget elementor-widget-text-editor\" data-id=\"73e8118\" data-element_type=\"widget\" data-e-type=\"widget\" data-widget_type=\"text-editor.default\">\n\t\t\t\t<div class=\"elementor-widget-container\">\n\t\t\t\t\t\t\t\t\t<p><b>Jav\u00edthatja-e a term\u00e9szet a koncentr\u00e1ci\u00f3t \u00e9s a hangulatot?<\/b><\/p><p>Igen! Tanulm\u00e1nyok kimutatt\u00e1k, hogy a term\u00e9szet k\u00f6zels\u00e9ge cs\u00f6kkenti a stresszt \u00e9s jav\u00edtja a f\u00f3kuszt. A di\u00e1kok sz\u00e1m\u00e1ra ez jobb koncentr\u00e1ci\u00f3t, ment\u00e1lis eg\u00e9szs\u00e9get \u00e9s kiegyens\u00falyozottabb tanul\u00e1si k\u00f6rnyezetet jelent. A tan\u00e1rok is profit\u00e1lnak ezekb\u0151l a nyugtat\u00f3 terekb\u0151l, ami t\u00e1mogat\u00f3bb oktat\u00e1si l\u00e9gk\u00f6rt teremt.   <\/p>\t\t\t\t\t\t\t\t<\/div>\n\t\t\t\t<\/div>\n\t\t\t\t<div class=\"elementor-element elementor-element-6339ae2 elementor-widget elementor-widget-text-editor\" data-id=\"6339ae2\" data-element_type=\"widget\" data-e-type=\"widget\" data-widget_type=\"text-editor.default\">\n\t\t\t\t<div class=\"elementor-widget-container\">\n\t\t\t\t\t\t\t\t\t<p><b>Mi a helyzet a k\u00f6rnyezettel?<\/b><\/p><p>Az iskol\u00e1k z\u00f6ldtet\u0151i nemcsak szebb\u00e9 teszik az \u00e9p\u00fcleteket, hanem seg\u00edtik a csapad\u00e9kv\u00edz kezel\u00e9s\u00e9t, cs\u00f6kkentik a v\u00e1rosi h\u0151szigetek hat\u00e1s\u00e1t, \u00e9s jav\u00edtj\u00e1k a leveg\u0151 min\u0151s\u00e9g\u00e9t is. Emellett cs\u00f6kkentik az energiafogyaszt\u00e1st az \u00e9p\u00fcletek szigetel\u00e9s\u00e9vel, \u00edgy k\u00f6rnyezetbar\u00e1t \u00e9s k\u00f6lts\u00e9ghat\u00e9kony megold\u00e1st ny\u00fajtanak. <\/p>\t\t\t\t\t\t\t\t<\/div>\n\t\t\t\t<\/div>\n\t\t\t\t<div class=\"elementor-element elementor-element-998c26c elementor-widget elementor-widget-image\" data-id=\"998c26c\" data-element_type=\"widget\" data-e-type=\"widget\" data-widget_type=\"image.default\">\n\t\t\t\t<div class=\"elementor-widget-container\">\n\t\t\t\t\t\t\t\t\t\t\t\t\t\t\t<img fetchpriority=\"high\" decoding=\"async\" width=\"547\" height=\"375\" src=\"https:\/\/diadem.com\/wp-content\/uploads\/2025\/01\/Green-Roofs-blog-Diadem-2.jpg\" class=\"attachment-large size-large wp-image-106719\" alt=\"\" srcset=\"https:\/\/diadem.com\/wp-content\/uploads\/2025\/01\/Green-Roofs-blog-Diadem-2.jpg 547w, https:\/\/diadem.com\/wp-content\/uploads\/2025\/01\/Green-Roofs-blog-Diadem-2-300x206.jpg 300w\" sizes=\"(max-width: 547px) 100vw, 547px\" \/>\t\t\t\t\t\t\t\t\t\t\t\t\t\t\t<\/div>\n\t\t\t\t<\/div>\n\t\t\t\t<div class=\"elementor-element elementor-element-e74e627 elementor-widget elementor-widget-text-editor\" data-id=\"e74e627\" data-element_type=\"widget\" data-e-type=\"widget\" data-widget_type=\"text-editor.default\">\n\t\t\t\t<div class=\"elementor-widget-container\">\n\t\t\t\t\t\t\t\t\t<p style=\"text-align: center;\"><em>K\u00e9p forr\u00e1sa: Athens College HAEF<\/em><\/p>\t\t\t\t\t\t\t\t<\/div>\n\t\t\t\t<\/div>\n\t\t\t\t<div class=\"elementor-element elementor-element-38ecd23 elementor-widget elementor-widget-text-editor\" data-id=\"38ecd23\" data-element_type=\"widget\" data-e-type=\"widget\" data-widget_type=\"text-editor.default\">\n\t\t\t\t<div class=\"elementor-widget-container\">\n\t\t\t\t\t\t\t\t\t<p><b>Z\u00f6ldter\u00fclet mindenki sz\u00e1m\u00e1ra<\/b><\/p><p>A z\u00f6ldtet\u0151k hidat k\u00e9peznek a term\u00e9szet \u00e9s a v\u00e1rosi \u00e9let k\u00f6z\u00f6tt, lehet\u0151s\u00e9get adva a di\u00e1koknak, hogy kapcsolatba ker\u00fcljenek a k\u00f6rnyezettel. Ezek a tet\u0151k nemcsak a fenntarthat\u00f3s\u00e1gr\u00f3l sz\u00f3lnak, hanem olyan tereket teremtenek, amelyek inspir\u00e1lnak, gondoskodnak \u00e9s tan\u00edtanak. <\/p><p>A tet\u0151k z\u00f6ldd\u00e9 alak\u00edt\u00e1sa nem csup\u00e1n egy divatir\u00e1nyzat \u2013 ez egy befektet\u00e9s a k\u00f6vetkez\u0151 gener\u00e1ci\u00f3ba.<\/p>\t\t\t\t\t\t\t\t<\/div>\n\t\t\t\t<\/div>\n\t\t\t\t<div class=\"elementor-element elementor-element-a01f7ce elementor-widget elementor-widget-text-editor\" data-id=\"a01f7ce\" data-element_type=\"widget\" data-e-type=\"widget\" data-widget_type=\"text-editor.default\">\n\t\t\t\t<div class=\"elementor-widget-container\">\n\t\t\t\t\t\t\t\t\t<p>Source:<\/p><p><a href=\"https:\/\/www.fastcompany.com\/90313598\/kids-surrounded-by-greenery-may-grow-up-to-be-happier-adults\">https:\/\/www.fastcompany.com\/90313598\/kids-surrounded-by-greenery-may-grow-up-to-be-happier-adults Kids surrounded by greenery may grow up to be happier adults &#8211; Fast Company<br><\/a><a href=\"https:\/\/livingarchitecturemonitor.com\/articles\/lets-put-green-roofs-on-schools-and-help-students-and-teachers-f21\">Let\u2019s Put Green Roofs on Schools and Help Students and Teachers<br><\/a><a href=\"https:\/\/livingarchitecturemonitor.com\/articles\/what-the-children-have-to-say-green-roof-outdoor-classroom\">What the Children Have To Say About Their School Green Roof Classroom<\/a><\/p>\t\t\t\t\t\t\t\t<\/div>\n\t\t\t\t<\/div>\n\t\t\t\t\t<\/div>\n\t\t<\/div>\n\t\t\t\t\t<\/div>\n\t\t<\/section>\n\t\t\t\t<\/div>\n\t\t","protected":false},"excerpt":{"rendered":"<p>Mi lenne, ha a tet\u0151k t\u00f6bbre lenn\u00e9nek k\u00e9pesek, mint egyszer\u0171en lefedni az \u00e9p\u00fcleteket? A z\u00f6ldtet\u0151k bizony\u00edtj\u00e1k, hogy ez lehets\u00e9ges, k\u00fcl\u00f6n\u00f6sen az iskol\u00e1k eset\u00e9ben. <\/p>\n","protected":false},"author":1,"featured_media":106724,"comment_status":"open","ping_status":"open","sticky":false,"template":"","format":"standard","meta":{"_acf_changed":false,"footnotes":""},"categories":[394],"tags":[],"class_list":["post-106733","post","type-post","status-publish","format-standard","has-post-thumbnail","hentry","category-diadem-hu"],"acf":[],"yoast_head":"<!-- This site is optimized with the Yoast SEO Premium plugin v27.3 (Yoast SEO v27.3) - https:\/\/yoast.com\/product\/yoast-seo-premium-wordpress\/ -->\n<title>A z\u00f6ldtet\u0151k \u00e1talak\u00edt\u00f3 ereje az iskol\u00e1kban - Diadem<\/title>\n<meta name=\"robots\" content=\"index, follow, max-snippet:-1, max-image-preview:large, max-video-preview:-1\" \/>\n<link rel=\"canonical\" href=\"https:\/\/diadem.com\/hu\/a-zoldtetok-atalakito-ereje-az-iskolakban\/\" \/>\n<meta property=\"og:locale\" content=\"hu_HU\" \/>\n<meta property=\"og:type\" content=\"article\" \/>\n<meta property=\"og:title\" content=\"A z\u00f6ldtet\u0151k \u00e1talak\u00edt\u00f3 ereje az iskol\u00e1kban\" \/>\n<meta property=\"og:description\" content=\"Mi lenne, ha a tet\u0151k t\u00f6bbre lenn\u00e9nek k\u00e9pesek, mint egyszer\u0171en lefedni az \u00e9p\u00fcleteket? A z\u00f6ldtet\u0151k bizony\u00edtj\u00e1k, hogy ez lehets\u00e9ges, k\u00fcl\u00f6n\u00f6sen az iskol\u00e1k eset\u00e9ben.\" \/>\n<meta property=\"og:url\" content=\"https:\/\/diadem.com\/hu\/a-zoldtetok-atalakito-ereje-az-iskolakban\/\" \/>\n<meta property=\"og:site_name\" content=\"Diadem\" \/>\n<meta property=\"article:publisher\" content=\"https:\/\/www.facebook.com\/diadem.greenroof\" \/>\n<meta property=\"article:published_time\" content=\"2025-01-23T23:25:03+00:00\" \/>\n<meta property=\"article:modified_time\" content=\"2025-03-12T10:17:30+00:00\" \/>\n<meta property=\"og:image\" content=\"https:\/\/diadem.com\/wp-content\/uploads\/2025\/01\/Green-Roofs-blog-Diadem.jpg\" \/>\n\t<meta property=\"og:image:width\" content=\"562\" \/>\n\t<meta property=\"og:image:height\" content=\"310\" \/>\n\t<meta property=\"og:image:type\" content=\"image\/jpeg\" \/>\n<meta name=\"author\" content=\"diadem\" \/>\n<meta name=\"twitter:card\" content=\"summary_large_image\" \/>\n<meta name=\"twitter:label1\" content=\"Szerz\u0151:\" \/>\n\t<meta name=\"twitter:data1\" content=\"diadem\" \/>\n\t<meta name=\"twitter:label2\" content=\"Becs\u00fclt olvas\u00e1si id\u0151\" \/>\n\t<meta name=\"twitter:data2\" content=\"2 perc\" \/>\n<script type=\"application\/ld+json\" class=\"yoast-schema-graph\">{\"@context\":\"https:\\\/\\\/schema.org\",\"@graph\":[{\"@type\":\"Article\",\"@id\":\"https:\\\/\\\/diadem.com\\\/hu\\\/a-zoldtetok-atalakito-ereje-az-iskolakban\\\/#article\",\"isPartOf\":{\"@id\":\"https:\\\/\\\/diadem.com\\\/hu\\\/a-zoldtetok-atalakito-ereje-az-iskolakban\\\/\"},\"author\":{\"name\":\"diadem\",\"@id\":\"https:\\\/\\\/diadem.com\\\/hu\\\/#\\\/schema\\\/person\\\/5e99a76faf393229149cdbfcad4d4720\"},\"headline\":\"A z\u00f6ldtet\u0151k \u00e1talak\u00edt\u00f3 ereje az iskol\u00e1kban\",\"datePublished\":\"2025-01-23T23:25:03+00:00\",\"dateModified\":\"2025-03-12T10:17:30+00:00\",\"mainEntityOfPage\":{\"@id\":\"https:\\\/\\\/diadem.com\\\/hu\\\/a-zoldtetok-atalakito-ereje-az-iskolakban\\\/\"},\"wordCount\":456,\"commentCount\":0,\"publisher\":{\"@id\":\"https:\\\/\\\/diadem.com\\\/hu\\\/#organization\"},\"image\":{\"@id\":\"https:\\\/\\\/diadem.com\\\/hu\\\/a-zoldtetok-atalakito-ereje-az-iskolakban\\\/#primaryimage\"},\"thumbnailUrl\":\"https:\\\/\\\/diadem.com\\\/wp-content\\\/uploads\\\/2025\\\/01\\\/Green-Roofs-blog-Diadem.jpg\",\"articleSection\":[\"Diadem\"],\"inLanguage\":\"hu\",\"potentialAction\":[{\"@type\":\"CommentAction\",\"name\":\"Comment\",\"target\":[\"https:\\\/\\\/diadem.com\\\/hu\\\/a-zoldtetok-atalakito-ereje-az-iskolakban\\\/#respond\"]}]},{\"@type\":\"WebPage\",\"@id\":\"https:\\\/\\\/diadem.com\\\/hu\\\/a-zoldtetok-atalakito-ereje-az-iskolakban\\\/\",\"url\":\"https:\\\/\\\/diadem.com\\\/hu\\\/a-zoldtetok-atalakito-ereje-az-iskolakban\\\/\",\"name\":\"A z\u00f6ldtet\u0151k \u00e1talak\u00edt\u00f3 ereje az iskol\u00e1kban - Diadem\",\"isPartOf\":{\"@id\":\"https:\\\/\\\/diadem.com\\\/hu\\\/#website\"},\"primaryImageOfPage\":{\"@id\":\"https:\\\/\\\/diadem.com\\\/hu\\\/a-zoldtetok-atalakito-ereje-az-iskolakban\\\/#primaryimage\"},\"image\":{\"@id\":\"https:\\\/\\\/diadem.com\\\/hu\\\/a-zoldtetok-atalakito-ereje-az-iskolakban\\\/#primaryimage\"},\"thumbnailUrl\":\"https:\\\/\\\/diadem.com\\\/wp-content\\\/uploads\\\/2025\\\/01\\\/Green-Roofs-blog-Diadem.jpg\",\"datePublished\":\"2025-01-23T23:25:03+00:00\",\"dateModified\":\"2025-03-12T10:17:30+00:00\",\"breadcrumb\":{\"@id\":\"https:\\\/\\\/diadem.com\\\/hu\\\/a-zoldtetok-atalakito-ereje-az-iskolakban\\\/#breadcrumb\"},\"inLanguage\":\"hu\",\"potentialAction\":[{\"@type\":\"ReadAction\",\"target\":[\"https:\\\/\\\/diadem.com\\\/hu\\\/a-zoldtetok-atalakito-ereje-az-iskolakban\\\/\"]}]},{\"@type\":\"ImageObject\",\"inLanguage\":\"hu\",\"@id\":\"https:\\\/\\\/diadem.com\\\/hu\\\/a-zoldtetok-atalakito-ereje-az-iskolakban\\\/#primaryimage\",\"url\":\"https:\\\/\\\/diadem.com\\\/wp-content\\\/uploads\\\/2025\\\/01\\\/Green-Roofs-blog-Diadem.jpg\",\"contentUrl\":\"https:\\\/\\\/diadem.com\\\/wp-content\\\/uploads\\\/2025\\\/01\\\/Green-Roofs-blog-Diadem.jpg\",\"width\":562,\"height\":310},{\"@type\":\"BreadcrumbList\",\"@id\":\"https:\\\/\\\/diadem.com\\\/hu\\\/a-zoldtetok-atalakito-ereje-az-iskolakban\\\/#breadcrumb\",\"itemListElement\":[{\"@type\":\"ListItem\",\"position\":1,\"name\":\"Home\",\"item\":\"https:\\\/\\\/diadem.com\\\/hu\\\/\"},{\"@type\":\"ListItem\",\"position\":2,\"name\":\"A z\u00f6ldtet\u0151k \u00e1talak\u00edt\u00f3 ereje az iskol\u00e1kban\"}]},{\"@type\":\"WebSite\",\"@id\":\"https:\\\/\\\/diadem.com\\\/hu\\\/#website\",\"url\":\"https:\\\/\\\/diadem.com\\\/hu\\\/\",\"name\":\"Diadem\",\"description\":\"Green Up The Roof!\",\"publisher\":{\"@id\":\"https:\\\/\\\/diadem.com\\\/hu\\\/#organization\"},\"potentialAction\":[{\"@type\":\"SearchAction\",\"target\":{\"@type\":\"EntryPoint\",\"urlTemplate\":\"https:\\\/\\\/diadem.com\\\/hu\\\/?s={search_term_string}\"},\"query-input\":{\"@type\":\"PropertyValueSpecification\",\"valueRequired\":true,\"valueName\":\"search_term_string\"}}],\"inLanguage\":\"hu\"},{\"@type\":\"Organization\",\"@id\":\"https:\\\/\\\/diadem.com\\\/hu\\\/#organization\",\"name\":\"Diadem\",\"url\":\"https:\\\/\\\/diadem.com\\\/hu\\\/\",\"logo\":{\"@type\":\"ImageObject\",\"inLanguage\":\"hu\",\"@id\":\"https:\\\/\\\/diadem.com\\\/hu\\\/#\\\/schema\\\/logo\\\/image\\\/\",\"url\":\"https:\\\/\\\/diadem.com\\\/wp-content\\\/uploads\\\/2020\\\/11\\\/2.png\",\"contentUrl\":\"https:\\\/\\\/diadem.com\\\/wp-content\\\/uploads\\\/2020\\\/11\\\/2.png\",\"width\":1920,\"height\":1080,\"caption\":\"Diadem\"},\"image\":{\"@id\":\"https:\\\/\\\/diadem.com\\\/hu\\\/#\\\/schema\\\/logo\\\/image\\\/\"},\"sameAs\":[\"https:\\\/\\\/www.facebook.com\\\/diadem.greenroof\"]},{\"@type\":\"Person\",\"@id\":\"https:\\\/\\\/diadem.com\\\/hu\\\/#\\\/schema\\\/person\\\/5e99a76faf393229149cdbfcad4d4720\",\"name\":\"diadem\",\"image\":{\"@type\":\"ImageObject\",\"inLanguage\":\"hu\",\"@id\":\"https:\\\/\\\/secure.gravatar.com\\\/avatar\\\/8a1a94944e0cc6a0cca09428471ef768ffc322cc0dbed69bfee50c4ea01f5ac6?s=96&d=mm&r=g\",\"url\":\"https:\\\/\\\/secure.gravatar.com\\\/avatar\\\/8a1a94944e0cc6a0cca09428471ef768ffc322cc0dbed69bfee50c4ea01f5ac6?s=96&d=mm&r=g\",\"contentUrl\":\"https:\\\/\\\/secure.gravatar.com\\\/avatar\\\/8a1a94944e0cc6a0cca09428471ef768ffc322cc0dbed69bfee50c4ea01f5ac6?s=96&d=mm&r=g\",\"caption\":\"diadem\"},\"sameAs\":[\"http:\\\/\\\/diadem.com\"],\"url\":\"https:\\\/\\\/diadem.com\\\/hu\\\/author\\\/diadem\\\/\"}]}<\/script>\n<!-- \/ Yoast SEO Premium plugin. -->","yoast_head_json":{"title":"A z\u00f6ldtet\u0151k \u00e1talak\u00edt\u00f3 ereje az iskol\u00e1kban - Diadem","robots":{"index":"index","follow":"follow","max-snippet":"max-snippet:-1","max-image-preview":"max-image-preview:large","max-video-preview":"max-video-preview:-1"},"canonical":"https:\/\/diadem.com\/hu\/a-zoldtetok-atalakito-ereje-az-iskolakban\/","og_locale":"hu_HU","og_type":"article","og_title":"A z\u00f6ldtet\u0151k \u00e1talak\u00edt\u00f3 ereje az iskol\u00e1kban","og_description":"Mi lenne, ha a tet\u0151k t\u00f6bbre lenn\u00e9nek k\u00e9pesek, mint egyszer\u0171en lefedni az \u00e9p\u00fcleteket? A z\u00f6ldtet\u0151k bizony\u00edtj\u00e1k, hogy ez lehets\u00e9ges, k\u00fcl\u00f6n\u00f6sen az iskol\u00e1k eset\u00e9ben.","og_url":"https:\/\/diadem.com\/hu\/a-zoldtetok-atalakito-ereje-az-iskolakban\/","og_site_name":"Diadem","article_publisher":"https:\/\/www.facebook.com\/diadem.greenroof","article_published_time":"2025-01-23T23:25:03+00:00","article_modified_time":"2025-03-12T10:17:30+00:00","og_image":[{"width":562,"height":310,"url":"https:\/\/diadem.com\/wp-content\/uploads\/2025\/01\/Green-Roofs-blog-Diadem.jpg","type":"image\/jpeg"}],"author":"diadem","twitter_card":"summary_large_image","twitter_misc":{"Szerz\u0151:":"diadem","Becs\u00fclt olvas\u00e1si id\u0151":"2 perc"},"schema":{"@context":"https:\/\/schema.org","@graph":[{"@type":"Article","@id":"https:\/\/diadem.com\/hu\/a-zoldtetok-atalakito-ereje-az-iskolakban\/#article","isPartOf":{"@id":"https:\/\/diadem.com\/hu\/a-zoldtetok-atalakito-ereje-az-iskolakban\/"},"author":{"name":"diadem","@id":"https:\/\/diadem.com\/hu\/#\/schema\/person\/5e99a76faf393229149cdbfcad4d4720"},"headline":"A z\u00f6ldtet\u0151k \u00e1talak\u00edt\u00f3 ereje az iskol\u00e1kban","datePublished":"2025-01-23T23:25:03+00:00","dateModified":"2025-03-12T10:17:30+00:00","mainEntityOfPage":{"@id":"https:\/\/diadem.com\/hu\/a-zoldtetok-atalakito-ereje-az-iskolakban\/"},"wordCount":456,"commentCount":0,"publisher":{"@id":"https:\/\/diadem.com\/hu\/#organization"},"image":{"@id":"https:\/\/diadem.com\/hu\/a-zoldtetok-atalakito-ereje-az-iskolakban\/#primaryimage"},"thumbnailUrl":"https:\/\/diadem.com\/wp-content\/uploads\/2025\/01\/Green-Roofs-blog-Diadem.jpg","articleSection":["Diadem"],"inLanguage":"hu","potentialAction":[{"@type":"CommentAction","name":"Comment","target":["https:\/\/diadem.com\/hu\/a-zoldtetok-atalakito-ereje-az-iskolakban\/#respond"]}]},{"@type":"WebPage","@id":"https:\/\/diadem.com\/hu\/a-zoldtetok-atalakito-ereje-az-iskolakban\/","url":"https:\/\/diadem.com\/hu\/a-zoldtetok-atalakito-ereje-az-iskolakban\/","name":"A z\u00f6ldtet\u0151k \u00e1talak\u00edt\u00f3 ereje az iskol\u00e1kban - Diadem","isPartOf":{"@id":"https:\/\/diadem.com\/hu\/#website"},"primaryImageOfPage":{"@id":"https:\/\/diadem.com\/hu\/a-zoldtetok-atalakito-ereje-az-iskolakban\/#primaryimage"},"image":{"@id":"https:\/\/diadem.com\/hu\/a-zoldtetok-atalakito-ereje-az-iskolakban\/#primaryimage"},"thumbnailUrl":"https:\/\/diadem.com\/wp-content\/uploads\/2025\/01\/Green-Roofs-blog-Diadem.jpg","datePublished":"2025-01-23T23:25:03+00:00","dateModified":"2025-03-12T10:17:30+00:00","breadcrumb":{"@id":"https:\/\/diadem.com\/hu\/a-zoldtetok-atalakito-ereje-az-iskolakban\/#breadcrumb"},"inLanguage":"hu","potentialAction":[{"@type":"ReadAction","target":["https:\/\/diadem.com\/hu\/a-zoldtetok-atalakito-ereje-az-iskolakban\/"]}]},{"@type":"ImageObject","inLanguage":"hu","@id":"https:\/\/diadem.com\/hu\/a-zoldtetok-atalakito-ereje-az-iskolakban\/#primaryimage","url":"https:\/\/diadem.com\/wp-content\/uploads\/2025\/01\/Green-Roofs-blog-Diadem.jpg","contentUrl":"https:\/\/diadem.com\/wp-content\/uploads\/2025\/01\/Green-Roofs-blog-Diadem.jpg","width":562,"height":310},{"@type":"BreadcrumbList","@id":"https:\/\/diadem.com\/hu\/a-zoldtetok-atalakito-ereje-az-iskolakban\/#breadcrumb","itemListElement":[{"@type":"ListItem","position":1,"name":"Home","item":"https:\/\/diadem.com\/hu\/"},{"@type":"ListItem","position":2,"name":"A z\u00f6ldtet\u0151k \u00e1talak\u00edt\u00f3 ereje az iskol\u00e1kban"}]},{"@type":"WebSite","@id":"https:\/\/diadem.com\/hu\/#website","url":"https:\/\/diadem.com\/hu\/","name":"Diadem","description":"Green Up The Roof!","publisher":{"@id":"https:\/\/diadem.com\/hu\/#organization"},"potentialAction":[{"@type":"SearchAction","target":{"@type":"EntryPoint","urlTemplate":"https:\/\/diadem.com\/hu\/?s={search_term_string}"},"query-input":{"@type":"PropertyValueSpecification","valueRequired":true,"valueName":"search_term_string"}}],"inLanguage":"hu"},{"@type":"Organization","@id":"https:\/\/diadem.com\/hu\/#organization","name":"Diadem","url":"https:\/\/diadem.com\/hu\/","logo":{"@type":"ImageObject","inLanguage":"hu","@id":"https:\/\/diadem.com\/hu\/#\/schema\/logo\/image\/","url":"https:\/\/diadem.com\/wp-content\/uploads\/2020\/11\/2.png","contentUrl":"https:\/\/diadem.com\/wp-content\/uploads\/2020\/11\/2.png","width":1920,"height":1080,"caption":"Diadem"},"image":{"@id":"https:\/\/diadem.com\/hu\/#\/schema\/logo\/image\/"},"sameAs":["https:\/\/www.facebook.com\/diadem.greenroof"]},{"@type":"Person","@id":"https:\/\/diadem.com\/hu\/#\/schema\/person\/5e99a76faf393229149cdbfcad4d4720","name":"diadem","image":{"@type":"ImageObject","inLanguage":"hu","@id":"https:\/\/secure.gravatar.com\/avatar\/8a1a94944e0cc6a0cca09428471ef768ffc322cc0dbed69bfee50c4ea01f5ac6?s=96&d=mm&r=g","url":"https:\/\/secure.gravatar.com\/avatar\/8a1a94944e0cc6a0cca09428471ef768ffc322cc0dbed69bfee50c4ea01f5ac6?s=96&d=mm&r=g","contentUrl":"https:\/\/secure.gravatar.com\/avatar\/8a1a94944e0cc6a0cca09428471ef768ffc322cc0dbed69bfee50c4ea01f5ac6?s=96&d=mm&r=g","caption":"diadem"},"sameAs":["http:\/\/diadem.com"],"url":"https:\/\/diadem.com\/hu\/author\/diadem\/"}]}},"_links":{"self":[{"href":"https:\/\/diadem.com\/hu\/wp-json\/wp\/v2\/posts\/106733","targetHints":{"allow":["GET"]}}],"collection":[{"href":"https:\/\/diadem.com\/hu\/wp-json\/wp\/v2\/posts"}],"about":[{"href":"https:\/\/diadem.com\/hu\/wp-json\/wp\/v2\/types\/post"}],"author":[{"embeddable":true,"href":"https:\/\/diadem.com\/hu\/wp-json\/wp\/v2\/users\/1"}],"replies":[{"embeddable":true,"href":"https:\/\/diadem.com\/hu\/wp-json\/wp\/v2\/comments?post=106733"}],"version-history":[{"count":4,"href":"https:\/\/diadem.com\/hu\/wp-json\/wp\/v2\/posts\/106733\/revisions"}],"predecessor-version":[{"id":107294,"href":"https:\/\/diadem.com\/hu\/wp-json\/wp\/v2\/posts\/106733\/revisions\/107294"}],"wp:featuredmedia":[{"embeddable":true,"href":"https:\/\/diadem.com\/hu\/wp-json\/wp\/v2\/media\/106724"}],"wp:attachment":[{"href":"https:\/\/diadem.com\/hu\/wp-json\/wp\/v2\/media?parent=106733"}],"wp:term":[{"taxonomy":"category","embeddable":true,"href":"https:\/\/diadem.com\/hu\/wp-json\/wp\/v2\/categories?post=106733"},{"taxonomy":"post_tag","embeddable":true,"href":"https:\/\/diadem.com\/hu\/wp-json\/wp\/v2\/tags?post=106733"}],"curies":[{"name":"wp","href":"https:\/\/api.w.org\/{rel}","templated":true}]}}